{"id":47073,"date":"2024-09-19T12:33:02","date_gmt":"2024-09-19T18:33:02","guid":{"rendered":"https:\/\/www3.facturehoy.com\/home\/?p=47073"},"modified":"2024-09-19T13:10:12","modified_gmt":"2024-09-19T19:10:12","slug":"prestaciones-y-financiamiento-del-seguro","status":"publish","type":"post","link":"https:\/\/www3.facturehoy.com\/home\/prestaciones-y-financiamiento-del-seguro\/","title":{"rendered":"Prestaciones y financiamiento del seguro"},"content":{"rendered":"\t\t<div data-elementor-type=\"wp-post\" data-elementor-id=\"47073\" class=\"elementor elementor-47073\" data-elementor-post-type=\"post\">\n\t\t\t\t\t\t<section class=\"elementor-section elementor-top-section elementor-element elementor-element-968ed4d elementor-section-boxed elementor-section-height-default elementor-section-height-default\" data-id=\"968ed4d\" data-element_type=\"section\" data-e-type=\"section\">\n\t\t\t\t\t\t<div class=\"elementor-container elementor-column-gap-default\">\n\t\t\t\t\t<div class=\"elementor-column elementor-col-100 elementor-top-column elementor-element elementor-element-f9fec5b\" data-id=\"f9fec5b\" data-element_type=\"column\" data-e-type=\"column\">\n\t\t\t<div class=\"elementor-widget-wrap elementor-element-populated\">\n\t\t\t\t\t\t<div class=\"elementor-element elementor-element-73f4baa elementor-widget__width-initial elementor-widget elementor-widget-text-editor\" data-id=\"73f4baa\" data-element_type=\"widget\" data-e-type=\"widget\" data-widget_type=\"text-editor.default\">\n\t\t\t\t<div class=\"elementor-widget-container\">\n\t\t\t\t\t\t\t\t\t<p><span style=\"color: #0bb3d9;\"><strong>Te mostramos que prestaciones y sus fuentes de financiamiento que te brinda el seguro<\/strong><\/span><\/p><p><span style=\"color: #000000;\">El Instituto Mexicano del Seguro Social (IMSS) en M\u00e9xico ofrece diversos reg\u00edmenes de aseguramiento que tienen como prop\u00f3sito brindar protecci\u00f3n social a los trabajadores y sus familias. Cada uno de estos reg\u00edmenes tiene diferentes prestaciones y fuentes de financiamiento las cuales te lo integraremos en una tabla:<\/span><\/p><ul><li style=\"list-style-type: none;\"><ul><li><span style=\"color: #0bb3d9;\"><strong>\u2022 SRT:<\/strong><\/span> <span style=\"color: #000000;\">Riesgo de Trabajo<\/span><\/li><li><span style=\"color: #0bb3d9;\"><strong>\u2022 SEM:<\/strong> <\/span><span style=\"color: #000000;\">Enfermedades y Maternidad<\/span><\/li><li><span style=\"color: #0bb3d9;\"><strong>\u2022 SIV:<\/strong><\/span> <span style=\"color: #000000;\">Invalidez y Vida<\/span><\/li><li><span style=\"color: #0bb3d9;\"><strong>\u2022 SRCV:<\/strong><\/span> <span style=\"color: #000000;\">Retiro, Cesant\u00eda en Edad Avanzada y Vejez<\/span><\/li><li><span style=\"color: #0bb3d9;\"><strong>\u2022 SGPS:<\/strong><\/span> <span style=\"color: #000000;\">Guarder\u00edas y Prestaciones Sociales<\/span><\/li><\/ul><\/li><\/ul>\t\t\t\t\t\t\t\t<\/div>\n\t\t\t\t<\/div>\n\t\t\t\t\t<\/div>\n\t\t<\/div>\n\t\t\t\t\t<\/div>\n\t\t<\/section>\n\t\t\t\t<section class=\"elementor-section elementor-top-section elementor-element elementor-element-2379fe2 elementor-section-boxed elementor-section-height-default elementor-section-height-default\" data-id=\"2379fe2\" data-element_type=\"section\" data-e-type=\"section\">\n\t\t\t\t\t\t<div class=\"elementor-container elementor-column-gap-default\">\n\t\t\t\t\t<div class=\"elementor-column elementor-col-100 elementor-top-column elementor-element elementor-element-406757b\" data-id=\"406757b\" data-element_type=\"column\" data-e-type=\"column\">\n\t\t\t<div class=\"elementor-widget-wrap elementor-element-populated\">\n\t\t\t\t\t\t<div class=\"elementor-element elementor-element-5cc0777 elementor-widget__width-initial elementor-widget elementor-widget-image\" data-id=\"5cc0777\" data-element_type=\"widget\" data-e-type=\"widget\" data-widget_type=\"image.default\">\n\t\t\t\t<div class=\"elementor-widget-container\">\n\t\t\t\t\t\t\t\t\t\t\t\t\t\t\t<img fetchpriority=\"high\" decoding=\"async\" width=\"761\" height=\"656\" src=\"https:\/\/www3.facturehoy.com\/wp-content\/uploads\/2024\/09\/Captura-de-pantalla-2024-09-19-113450.png\" class=\"attachment-large size-large wp-image-47096\" alt=\"Tabla de los diferentes reg\u00edmenes que tiene las prestaciones y fuentes de financiamiento\" srcset=\"https:\/\/www3.facturehoy.com\/wp-content\/uploads\/2024\/09\/Captura-de-pantalla-2024-09-19-113450.png 761w, https:\/\/www3.facturehoy.com\/wp-content\/uploads\/2024\/09\/Captura-de-pantalla-2024-09-19-113450-300x259.png 300w, https:\/\/www3.facturehoy.com\/wp-content\/uploads\/2024\/09\/Captura-de-pantalla-2024-09-19-113450-705x608.png 705w\" sizes=\"(max-width: 761px) 100vw, 761px\" \/>\t\t\t\t\t\t\t\t\t\t\t\t\t\t\t<\/div>\n\t\t\t\t<\/div>\n\t\t\t\t\t<\/div>\n\t\t<\/div>\n\t\t\t\t\t<\/div>\n\t\t<\/section>\n\t\t\t\t<section class=\"elementor-section elementor-top-section elementor-element elementor-element-5791750 elementor-section-boxed elementor-section-height-default elementor-section-height-default\" data-id=\"5791750\" data-element_type=\"section\" data-e-type=\"section\">\n\t\t\t\t\t\t<div class=\"elementor-container elementor-column-gap-default\">\n\t\t\t\t\t<div class=\"elementor-column elementor-col-100 elementor-top-column elementor-element elementor-element-694fcd2\" data-id=\"694fcd2\" data-element_type=\"column\" data-e-type=\"column\">\n\t\t\t<div class=\"elementor-widget-wrap elementor-element-populated\">\n\t\t\t\t\t\t<div class=\"elementor-element elementor-element-9f5b10e elementor-widget elementor-widget-text-editor\" data-id=\"9f5b10e\" data-element_type=\"widget\" data-e-type=\"widget\" data-widget_type=\"text-editor.default\">\n\t\t\t\t<div class=\"elementor-widget-container\">\n\t\t\t\t\t\t\t\t\t<p><span style=\"color: #189adb;\"><strong>32:<\/strong><\/span> <span style=\"color: #000000;\">Seguro para estudiantes y familiares de los trabajadores del IMSS y de la Comisi\u00f3n Federal de Electricidad.<\/span><\/p><p><span style=\"color: #189adb;\"><strong>38 y 42:<\/strong><\/span> <span style=\"color: #000000;\">En las modalidades los asegurados son trabajadores al servicio de la Administraci\u00f3n P\u00fablica estatal o municipal; la diferencia entre las modalidades se relaciona con el tipo de seguros a los cuales se tiene derecho<\/span>.<\/p><p><span style=\"color: #189adb;\"><strong>44:<\/strong><\/span> <span style=\"color: #000000;\">Solo tienen la cobertura de retiro y vejez, mas no la de cesant\u00eda.<\/span><\/p><h6><span style=\"color: #333399;\"><em>Fuente: Direcci\u00f3n de Incorporaci\u00f3n y Recaudaci\u00f3n, IMSS y Anexo A Prestaciones y Fuentes de Financiamiento de los Reg\u00edmenes de Aseguramiento del IMSS<\/em><\/span><\/h6><p><span style=\"color: #000000;\">Ahora te explicamos las principales coberturas y prestaciones seg\u00fan el seguro que te corresponde:<\/span><\/p><ol><li style=\"list-style-type: none;\"><ol><li><span style=\"color: #189adb;\"><strong>Seguro de Enfermedades y Maternidad<\/strong><\/span><\/li><\/ol><\/li><\/ol><p style=\"padding-left: 40px;\"><span style=\"color: #000000;\"><strong>Cobertura:<\/strong><\/span><\/p><ul><li style=\"list-style-type: none;\"><ul><li><span style=\"color: #000000;\">\u2022Atenci\u00f3n m\u00e9dica general<\/span><\/li><li><span style=\"color: #000000;\">\u2022 Servicios farmac\u00e9uticos (medicamentos recetados).<\/span><\/li><li><span style=\"color: #000000;\">\u2022 Hospitalizaci\u00f3n y cirug\u00edas.<\/span><\/li><li><span style=\"color: #000000;\">\u2022 Servicios de maternidad, incluyendo atenci\u00f3n prenatal.<\/span><\/li><\/ul><\/li><\/ul><p style=\"padding-left: 40px;\"><span style=\"color: #000000;\"><strong>Prestaciones:<\/strong><\/span><\/p><ul><li style=\"list-style-type: none;\"><ul><li><span style=\"color: #000000;\">\u2022 Subsidio por incapacidad temporal debido a enfermedad (subsidio<\/span><\/li><li><span style=\"color: #000000;\">\u2022 Subsidio por incapacidad temporal por riesgo<\/span><\/li><\/ul><\/li><\/ul><ol><li style=\"list-style-type: none;\"><ol start=\"2\"><li><span style=\"color: #189adb;\"><strong>Seguro de Riesgos de Trabajo<\/strong><\/span><\/li><\/ol><\/li><\/ol><p style=\"padding-left: 40px;\"><span style=\"color: #000000;\"><strong>Cobertura<\/strong>:<\/span><\/p><ul><li style=\"list-style-type: none;\"><ul><li><span style=\"color: #000000;\">\u2022 Atenci\u00f3n m\u00e9dica-quir\u00fargica<\/span><\/li><li><span style=\"color: #000000;\">\u2022 Servicios farmac\u00e9uticos<\/span><\/li><li><span style=\"color: #000000;\">\u2022 Hospitalizaci\u00f3n y cirug\u00eda<\/span><\/li><li><span style=\"color: #000000;\">\u2022 Aparatos de pr\u00f3tesis y ortopedia<\/span><\/li><li><span style=\"color: #000000;\">\u2022 Rehabilitaci\u00f3n<\/span><\/li><li><span style=\"color: #000000;\">\u2022 Servicio de car\u00e1cter preventivo<\/span><\/li><\/ul><\/li><\/ul><p style=\"padding-left: 40px;\"><span style=\"color: #000000;\"><strong>Prestaciones<\/strong>:<\/span><\/p><ul><li style=\"list-style-type: none;\"><ul><li><span style=\"color: #000000;\">\u2022 Subsidio por incapacidad temporal<\/span><\/li><li style=\"text-align: left;\"><span style=\"color: #000000;\">\u2022 Subsidio por incapacidad permanente puede durar un periodo de adaptaci\u00f3n de 2 a\u00f1os, despu\u00e9s de ese periodo seg\u00fan el art\u00edculo 58 fracc. II y III LSS podr\u00eda otorgarse la pensi\u00f3n definitiva o indemnizaci\u00f3n global.<\/span><\/li><li style=\"text-align: left;\"><span style=\"color: #000000;\">\u2022 En caso de fallecimiento se le dar\u00e1 pensi\u00f3n de viudez, orfandad o ascendientes, ayuda asistencial y asistencia m\u00e9dica.<\/span><\/li><li><span style=\"color: #000000;\">\u2022 Gastos funerarios<\/span><\/li><\/ul><\/li><\/ul><ol><li style=\"list-style-type: none;\"><ol start=\"3\"><li><span style=\"color: #189adb;\"><strong>Seguro de invalidez y vida<\/strong><\/span><\/li><\/ol><\/li><\/ol><p style=\"padding-left: 40px;\"><span style=\"color: #000000;\"><strong>Cobertura<\/strong>:<\/span><\/p><ul><li style=\"list-style-type: none;\"><ul><li><span style=\"color: #000000;\">\u2022 Atenci\u00f3n m\u00e9dica-quir\u00fargica<\/span><\/li><li><span style=\"color: #000000;\">\u2022 Servicios farmac\u00e9uticos<\/span><\/li><li><span style=\"color: #000000;\">\u2022 Hospitalizaci\u00f3n<\/span><\/li><li><span style=\"color: #000000;\">\u2022 Pensiones<\/span><\/li><\/ul><\/li><\/ul><p style=\"padding-left: 40px;\"><span style=\"color: #000000;\"><strong>Prestaciones<\/strong>:<\/span><\/p><ul><li style=\"list-style-type: none;\"><ul><li><span style=\"color: #000000;\">\u2022 Pensiones para los beneficiarios (esposa\/o, hijos menores de edad, etc.) en caso de fallecimiento<\/span><\/li><li><span style=\"color: #000000;\">\u2022 Pago de gastos funerarios.<\/span><\/li><\/ul><\/li><\/ul><ol><li style=\"list-style-type: none;\"><ol start=\"4\"><li><span style=\"color: #189adb;\"><strong>Seguro de Guarder\u00edas y Prestaciones Sociales<\/strong><\/span><\/li><\/ol><\/li><\/ol><p style=\"padding-left: 40px;\"><span style=\"color: #000000;\"><strong>Cobertura<\/strong>:<\/span><\/p><ul><li style=\"list-style-type: none;\"><ul><li><span style=\"color: #000000;\">\u2022 Servicios de guarder\u00edas para los hijos menores de 4 a\u00f1os de los trabajadores asegurados.<\/span><\/li><li><span style=\"color: #000000;\">\u2022 Programas de apoyo y servicios sociales adicionales que pueden variar<\/span><\/li><\/ul><\/li><\/ul><p style=\"padding-left: 40px;\"><span style=\"color: #000000;\"><strong>Prestaciones<\/strong>:<\/span><\/p><ul><li style=\"list-style-type: none;\"><ul><li><span style=\"color: #000000;\">\u2022 Atenci\u00f3n y cuidado integral de los ni\u00f1os en un ambiente<\/span><\/li><li><span style=\"color: #000000;\">\u2022 Programas de desarrollo infantil y estimulaci\u00f3n temporal<\/span><\/li><\/ul><\/li><\/ul><ol><li style=\"list-style-type: none;\"><ol start=\"5\"><li><span style=\"color: #189adb;\"><strong>Seguro de Retiro, Cesant\u00eda en Edad Avanzada y Vejez<\/strong><\/span><\/li><\/ol><\/li><\/ol><p style=\"padding-left: 40px;\"><span style=\"color: #000000;\"><strong>Cobertura<\/strong>:<\/span><\/p><ul><li style=\"list-style-type: none;\"><ul><li><span style=\"color: #000000;\">\u2022 Atenci\u00f3n m\u00e9dica-quir\u00fargica<\/span><\/li><li><span style=\"color: #000000;\">\u2022 Servicios farmac\u00e9uticos<\/span><\/li><li><span style=\"color: #000000;\">\u2022 Hospitalizaci\u00f3n<\/span><\/li><li><span style=\"color: #000000;\">\u2022 Pensi\u00f3n de jubilaci\u00f3n al llegar a la edad establecida (asegurados, a partir de los 60 a\u00f1os que queden privados de trabajos remunerados para la cesant\u00eda en edad avanzada y para los asegurados de la vejez es a partir de los 65 a\u00f1os de edad).<\/span><\/li><\/ul><\/li><\/ul><p style=\"padding-left: 40px;\"><span style=\"color: #000000;\"><strong>Prestaciones<\/strong>:<\/span><\/p><ul><li style=\"list-style-type: none;\"><ul><li><span style=\"color: #000000;\">\u2022\u00a0 Pensi\u00f3n mensual a los asegurados.<\/span><\/li><li><span style=\"color: #000000;\">\u2022\u00a0 Gastos de matrimonio<\/span><\/li><li><span style=\"color: #000000;\">\u2022 Renta vitalicia o un retiro programado de al menos ese monto, si cotizaron m\u00ednimo 1,250 semanas<\/span><\/li><\/ul><\/li><\/ul><p><span style=\"color: #000000;\">Cada tipo de seguro tiene un conjunto espec\u00edfico de coberturas y prestaciones dise\u00f1adas para satisfacer las necesidades de los trabajadores y sus familias. El acceso y los beneficios espec\u00edficos pueden variar seg\u00fan el r\u00e9gimen en el que se encuentre el asegurado y el cumplimiento de los requisitos establecidos<\/span><\/p>\t\t\t\t\t\t\t\t<\/div>\n\t\t\t\t<\/div>\n\t\t\t\t\t<\/div>\n\t\t<\/div>\n\t\t\t\t\t<\/div>\n\t\t<\/section>\n\t\t\t\t<section class=\"elementor-section elementor-top-section elementor-element elementor-element-e719064 elementor-section-boxed elementor-section-height-default elementor-section-height-default\" data-id=\"e719064\" data-element_type=\"section\" data-e-type=\"section\">\n\t\t\t\t\t\t<div class=\"elementor-container elementor-column-gap-default\">\n\t\t\t\t\t<div class=\"elementor-column elementor-col-100 elementor-top-column elementor-element elementor-element-8dfead7\" data-id=\"8dfead7\" data-element_type=\"column\" data-e-type=\"column\">\n\t\t\t<div class=\"elementor-widget-wrap elementor-element-populated\">\n\t\t\t\t\t\t<div class=\"elementor-element elementor-element-b05ceba elementor-widget elementor-widget-author-box\" data-id=\"b05ceba\" data-element_type=\"widget\" data-e-type=\"widget\" data-widget_type=\"author-box.default\">\n\t\t\t\t<div class=\"elementor-widget-container\">\n\t\t\t\t\t\t\t<div class=\"elementor-author-box\">\n\t\t\t\t\t\t\t<div  class=\"elementor-author-box__avatar\">\n\t\t\t\t\t<img decoding=\"async\" src=\"https:\/\/www3.facturehoy.com\/wp-content\/uploads\/2024\/08\/Michel-Aguilar-297x300.jpeg\" alt=\"Imagen de Michel Aguilar\" loading=\"lazy\">\n\t\t\t\t<\/div>\n\t\t\t\n\t\t\t<div class=\"elementor-author-box__text\">\n\t\t\t\t\t\t\t\t\t<div >\n\t\t\t\t\t\t<h4 class=\"elementor-author-box__name\">\n\t\t\t\t\t\t\tMichel Aguilar\t\t\t\t\t\t<\/h4>\n\t\t\t\t\t<\/div>\n\t\t\t\t\n\t\t\t\t\n\t\t\t\t\t\t\t<\/div>\n\t\t<\/div>\n\t\t\t\t\t\t<\/div>\n\t\t\t\t<\/div>\n\t\t\t\t\t<\/div>\n\t\t<\/div>\n\t\t\t\t\t<\/div>\n\t\t<\/section>\n\t\t\t\t<\/div>\n\t\t","protected":false},"excerpt":{"rendered":"<p>El IMSS ofrece diversos reg\u00edmenes de aseguramiento que tienen como prop\u00f3sito brindar protecci\u00f3n social a los trabajadores y sus familias. Cada uno de estos reg\u00edmenes tiene diferentes prestaciones y fuentes de financiamiento las cuales te lo integraremos en una tabla<\/p>\n","protected":false},"author":888,"featured_media":47101,"comment_status":"closed","ping_status":"closed","sticky":false,"template":"","format":"standard","meta":{"content-type":"","om_disable_all_campaigns":false,"_uf_show_specific_survey":0,"_uf_disable_surveys":false,"_joinchat":[],"footnotes":""},"categories":[3],"tags":[6651,6655,6612],"class_list":["post-47073","post","type-post","status-publish","format-standard","has-post-thumbnail","hentry","category-noticias","tag-imss","tag-prestaciones-del-seguro","tag-trabajadores"],"yoast_head":"<!-- This site is optimized with the Yoast SEO plugin v27.5 - https:\/\/yoast.com\/product\/yoast-seo-wordpress\/ -->\n<title>Prestaciones y financiamiento del seguro - FactureHoy<\/title>\n<meta name=\"description\" content=\"El IMSS ofrece diversos reg\u00edmenes de aseguramiento que tienen como prop\u00f3sito brindar protecci\u00f3n social a los trabajadores y sus familias. Cada uno de estos reg\u00edmenes tiene diferentes prestaciones y fuentes de financiamiento las cuales te lo integraremos en una tabla\" \/>\n<meta name=\"robots\" content=\"index, follow, max-snippet:-1, max-image-preview:large, max-video-preview:-1\" \/>\n<link rel=\"canonical\" href=\"https:\/\/www3.facturehoy.com\/home\/prestaciones-y-financiamiento-del-seguro\/\" \/>\n<meta property=\"og:locale\" content=\"es_ES\" \/>\n<meta property=\"og:type\" content=\"article\" \/>\n<meta property=\"og:title\" content=\"Prestaciones y financiamiento del seguro - FactureHoy\" \/>\n<meta property=\"og:description\" content=\"El IMSS ofrece diversos reg\u00edmenes de aseguramiento que tienen como prop\u00f3sito brindar protecci\u00f3n social a los trabajadores y sus familias. Cada uno de estos reg\u00edmenes tiene diferentes prestaciones y fuentes de financiamiento las cuales te lo integraremos en una tabla\" \/>\n<meta property=\"og:url\" content=\"https:\/\/www3.facturehoy.com\/home\/prestaciones-y-financiamiento-del-seguro\/\" \/>\n<meta property=\"og:site_name\" content=\"FactureHoy\" \/>\n<meta property=\"article:publisher\" content=\"https:\/\/www.facebook.com\/facturehoy\" \/>\n<meta property=\"article:published_time\" content=\"2024-09-19T18:33:02+00:00\" \/>\n<meta property=\"article:modified_time\" content=\"2024-09-19T19:10:12+00:00\" \/>\n<meta property=\"og:image\" content=\"https:\/\/www3.facturehoy.com\/wp-content\/uploads\/2024\/09\/IMSS-1.jpg\" \/>\n\t<meta property=\"og:image:width\" content=\"1920\" \/>\n\t<meta property=\"og:image:height\" content=\"1080\" \/>\n\t<meta property=\"og:image:type\" content=\"image\/jpeg\" \/>\n<meta name=\"author\" content=\"Viridiana Parra Trejo\" \/>\n<meta name=\"twitter:card\" content=\"summary_large_image\" \/>\n<meta name=\"twitter:creator\" content=\"@FactureHoy\" \/>\n<meta name=\"twitter:site\" content=\"@FactureHoy\" \/>\n<meta name=\"twitter:label1\" content=\"Escrito por\" \/>\n\t<meta name=\"twitter:data1\" content=\"Viridiana Parra Trejo\" \/>\n\t<meta name=\"twitter:label2\" content=\"Tiempo de lectura\" \/>\n\t<meta name=\"twitter:data2\" content=\"3 minutos\" \/>\n<script type=\"application\/ld+json\" class=\"yoast-schema-graph\">{\"@context\":\"https:\\\/\\\/schema.org\",\"@graph\":[{\"@type\":\"Article\",\"@id\":\"https:\\\/\\\/www3.facturehoy.com\\\/home\\\/prestaciones-y-financiamiento-del-seguro\\\/#article\",\"isPartOf\":{\"@id\":\"https:\\\/\\\/www3.facturehoy.com\\\/home\\\/prestaciones-y-financiamiento-del-seguro\\\/\"},\"author\":{\"name\":\"Viridiana Parra Trejo\",\"@id\":\"https:\\\/\\\/www3.facturehoy.com\\\/home\\\/#\\\/schema\\\/person\\\/59ab2d93910fb99bf28462ebea3c325d\"},\"headline\":\"Prestaciones y financiamiento del seguro\",\"datePublished\":\"2024-09-19T18:33:02+00:00\",\"dateModified\":\"2024-09-19T19:10:12+00:00\",\"mainEntityOfPage\":{\"@id\":\"https:\\\/\\\/www3.facturehoy.com\\\/home\\\/prestaciones-y-financiamiento-del-seguro\\\/\"},\"wordCount\":588,\"publisher\":{\"@id\":\"https:\\\/\\\/www3.facturehoy.com\\\/home\\\/#organization\"},\"image\":{\"@id\":\"https:\\\/\\\/www3.facturehoy.com\\\/home\\\/prestaciones-y-financiamiento-del-seguro\\\/#primaryimage\"},\"thumbnailUrl\":\"https:\\\/\\\/www3.facturehoy.com\\\/wp-content\\\/uploads\\\/2024\\\/09\\\/IMSS-1.jpg\",\"keywords\":[\"IMSS\",\"prestaciones del seguro\",\"Trabajadores\"],\"articleSection\":[\"Noticias\"],\"inLanguage\":\"es\"},{\"@type\":\"WebPage\",\"@id\":\"https:\\\/\\\/www3.facturehoy.com\\\/home\\\/prestaciones-y-financiamiento-del-seguro\\\/\",\"url\":\"https:\\\/\\\/www3.facturehoy.com\\\/home\\\/prestaciones-y-financiamiento-del-seguro\\\/\",\"name\":\"Prestaciones y financiamiento del seguro - FactureHoy\",\"isPartOf\":{\"@id\":\"https:\\\/\\\/www3.facturehoy.com\\\/home\\\/#website\"},\"primaryImageOfPage\":{\"@id\":\"https:\\\/\\\/www3.facturehoy.com\\\/home\\\/prestaciones-y-financiamiento-del-seguro\\\/#primaryimage\"},\"image\":{\"@id\":\"https:\\\/\\\/www3.facturehoy.com\\\/home\\\/prestaciones-y-financiamiento-del-seguro\\\/#primaryimage\"},\"thumbnailUrl\":\"https:\\\/\\\/www3.facturehoy.com\\\/wp-content\\\/uploads\\\/2024\\\/09\\\/IMSS-1.jpg\",\"datePublished\":\"2024-09-19T18:33:02+00:00\",\"dateModified\":\"2024-09-19T19:10:12+00:00\",\"description\":\"El IMSS ofrece diversos reg\u00edmenes de aseguramiento que tienen como prop\u00f3sito brindar protecci\u00f3n social a los trabajadores y sus familias. Cada uno de estos reg\u00edmenes tiene diferentes prestaciones y fuentes de financiamiento las cuales te lo integraremos en una tabla\",\"breadcrumb\":{\"@id\":\"https:\\\/\\\/www3.facturehoy.com\\\/home\\\/prestaciones-y-financiamiento-del-seguro\\\/#breadcrumb\"},\"inLanguage\":\"es\",\"potentialAction\":[{\"@type\":\"ReadAction\",\"target\":[\"https:\\\/\\\/www3.facturehoy.com\\\/home\\\/prestaciones-y-financiamiento-del-seguro\\\/\"]}]},{\"@type\":\"ImageObject\",\"inLanguage\":\"es\",\"@id\":\"https:\\\/\\\/www3.facturehoy.com\\\/home\\\/prestaciones-y-financiamiento-del-seguro\\\/#primaryimage\",\"url\":\"https:\\\/\\\/www3.facturehoy.com\\\/wp-content\\\/uploads\\\/2024\\\/09\\\/IMSS-1.jpg\",\"contentUrl\":\"https:\\\/\\\/www3.facturehoy.com\\\/wp-content\\\/uploads\\\/2024\\\/09\\\/IMSS-1.jpg\",\"width\":1920,\"height\":1080},{\"@type\":\"BreadcrumbList\",\"@id\":\"https:\\\/\\\/www3.facturehoy.com\\\/home\\\/prestaciones-y-financiamiento-del-seguro\\\/#breadcrumb\",\"itemListElement\":[{\"@type\":\"ListItem\",\"position\":1,\"name\":\"Portada\",\"item\":\"https:\\\/\\\/www3.facturehoy.com\\\/home\\\/home\\\/\"},{\"@type\":\"ListItem\",\"position\":2,\"name\":\"Prestaciones y financiamiento del seguro\"}]},{\"@type\":\"WebSite\",\"@id\":\"https:\\\/\\\/www3.facturehoy.com\\\/home\\\/#website\",\"url\":\"https:\\\/\\\/www3.facturehoy.com\\\/home\\\/\",\"name\":\"FactureHoy\",\"description\":\"Facturar en L\u00ednea\",\"publisher\":{\"@id\":\"https:\\\/\\\/www3.facturehoy.com\\\/home\\\/#organization\"},\"potentialAction\":[{\"@type\":\"SearchAction\",\"target\":{\"@type\":\"EntryPoint\",\"urlTemplate\":\"https:\\\/\\\/www3.facturehoy.com\\\/home\\\/?s={search_term_string}\"},\"query-input\":{\"@type\":\"PropertyValueSpecification\",\"valueRequired\":true,\"valueName\":\"search_term_string\"}}],\"inLanguage\":\"es\"},{\"@type\":\"Organization\",\"@id\":\"https:\\\/\\\/www3.facturehoy.com\\\/home\\\/#organization\",\"name\":\"FactureHoy\",\"url\":\"https:\\\/\\\/www3.facturehoy.com\\\/home\\\/\",\"logo\":{\"@type\":\"ImageObject\",\"inLanguage\":\"es\",\"@id\":\"https:\\\/\\\/www3.facturehoy.com\\\/home\\\/#\\\/schema\\\/logo\\\/image\\\/\",\"url\":\"https:\\\/\\\/www3.facturehoy.com\\\/wp-content\\\/uploads\\\/2019\\\/06\\\/NUEVO-PAGINA-LOGO-Recuperado.png\",\"contentUrl\":\"https:\\\/\\\/www3.facturehoy.com\\\/wp-content\\\/uploads\\\/2019\\\/06\\\/NUEVO-PAGINA-LOGO-Recuperado.png\",\"width\":300,\"height\":250,\"caption\":\"FactureHoy\"},\"image\":{\"@id\":\"https:\\\/\\\/www3.facturehoy.com\\\/home\\\/#\\\/schema\\\/logo\\\/image\\\/\"},\"sameAs\":[\"https:\\\/\\\/www.facebook.com\\\/facturehoy\",\"https:\\\/\\\/x.com\\\/FactureHoy\",\"https:\\\/\\\/www.linkedin.com\\\/company\\\/certus-facturehoy\"]},{\"@type\":\"Person\",\"@id\":\"https:\\\/\\\/www3.facturehoy.com\\\/home\\\/#\\\/schema\\\/person\\\/59ab2d93910fb99bf28462ebea3c325d\",\"name\":\"Viridiana Parra Trejo\",\"image\":{\"@type\":\"ImageObject\",\"inLanguage\":\"es\",\"@id\":\"https:\\\/\\\/secure.gravatar.com\\\/avatar\\\/af1c46d464c1ab2bc43e77747d58357f8cb6efda1ee31fca143a855c3b59a12b?s=96&d=mm&r=g\",\"url\":\"https:\\\/\\\/secure.gravatar.com\\\/avatar\\\/af1c46d464c1ab2bc43e77747d58357f8cb6efda1ee31fca143a855c3b59a12b?s=96&d=mm&r=g\",\"contentUrl\":\"https:\\\/\\\/secure.gravatar.com\\\/avatar\\\/af1c46d464c1ab2bc43e77747d58357f8cb6efda1ee31fca143a855c3b59a12b?s=96&d=mm&r=g\",\"caption\":\"Viridiana Parra Trejo\"},\"url\":\"https:\\\/\\\/www3.facturehoy.com\\\/home\\\/author\\\/v-parra\\\/\"}]}<\/script>\n<!-- \/ Yoast SEO plugin. -->","yoast_head_json":{"title":"Prestaciones y financiamiento del seguro - FactureHoy","description":"El IMSS ofrece diversos reg\u00edmenes de aseguramiento que tienen como prop\u00f3sito brindar protecci\u00f3n social a los trabajadores y sus familias. Cada uno de estos reg\u00edmenes tiene diferentes prestaciones y fuentes de financiamiento las cuales te lo integraremos en una tabla","robots":{"index":"index","follow":"follow","max-snippet":"max-snippet:-1","max-image-preview":"max-image-preview:large","max-video-preview":"max-video-preview:-1"},"canonical":"https:\/\/www3.facturehoy.com\/home\/prestaciones-y-financiamiento-del-seguro\/","og_locale":"es_ES","og_type":"article","og_title":"Prestaciones y financiamiento del seguro - FactureHoy","og_description":"El IMSS ofrece diversos reg\u00edmenes de aseguramiento que tienen como prop\u00f3sito brindar protecci\u00f3n social a los trabajadores y sus familias. Cada uno de estos reg\u00edmenes tiene diferentes prestaciones y fuentes de financiamiento las cuales te lo integraremos en una tabla","og_url":"https:\/\/www3.facturehoy.com\/home\/prestaciones-y-financiamiento-del-seguro\/","og_site_name":"FactureHoy","article_publisher":"https:\/\/www.facebook.com\/facturehoy","article_published_time":"2024-09-19T18:33:02+00:00","article_modified_time":"2024-09-19T19:10:12+00:00","og_image":[{"width":1920,"height":1080,"url":"https:\/\/www3.facturehoy.com\/wp-content\/uploads\/2024\/09\/IMSS-1.jpg","type":"image\/jpeg"}],"author":"Viridiana Parra Trejo","twitter_card":"summary_large_image","twitter_creator":"@FactureHoy","twitter_site":"@FactureHoy","twitter_misc":{"Escrito por":"Viridiana Parra Trejo","Tiempo de lectura":"3 minutos"},"schema":{"@context":"https:\/\/schema.org","@graph":[{"@type":"Article","@id":"https:\/\/www3.facturehoy.com\/home\/prestaciones-y-financiamiento-del-seguro\/#article","isPartOf":{"@id":"https:\/\/www3.facturehoy.com\/home\/prestaciones-y-financiamiento-del-seguro\/"},"author":{"name":"Viridiana Parra Trejo","@id":"https:\/\/www3.facturehoy.com\/home\/#\/schema\/person\/59ab2d93910fb99bf28462ebea3c325d"},"headline":"Prestaciones y financiamiento del seguro","datePublished":"2024-09-19T18:33:02+00:00","dateModified":"2024-09-19T19:10:12+00:00","mainEntityOfPage":{"@id":"https:\/\/www3.facturehoy.com\/home\/prestaciones-y-financiamiento-del-seguro\/"},"wordCount":588,"publisher":{"@id":"https:\/\/www3.facturehoy.com\/home\/#organization"},"image":{"@id":"https:\/\/www3.facturehoy.com\/home\/prestaciones-y-financiamiento-del-seguro\/#primaryimage"},"thumbnailUrl":"https:\/\/www3.facturehoy.com\/wp-content\/uploads\/2024\/09\/IMSS-1.jpg","keywords":["IMSS","prestaciones del seguro","Trabajadores"],"articleSection":["Noticias"],"inLanguage":"es"},{"@type":"WebPage","@id":"https:\/\/www3.facturehoy.com\/home\/prestaciones-y-financiamiento-del-seguro\/","url":"https:\/\/www3.facturehoy.com\/home\/prestaciones-y-financiamiento-del-seguro\/","name":"Prestaciones y financiamiento del seguro - FactureHoy","isPartOf":{"@id":"https:\/\/www3.facturehoy.com\/home\/#website"},"primaryImageOfPage":{"@id":"https:\/\/www3.facturehoy.com\/home\/prestaciones-y-financiamiento-del-seguro\/#primaryimage"},"image":{"@id":"https:\/\/www3.facturehoy.com\/home\/prestaciones-y-financiamiento-del-seguro\/#primaryimage"},"thumbnailUrl":"https:\/\/www3.facturehoy.com\/wp-content\/uploads\/2024\/09\/IMSS-1.jpg","datePublished":"2024-09-19T18:33:02+00:00","dateModified":"2024-09-19T19:10:12+00:00","description":"El IMSS ofrece diversos reg\u00edmenes de aseguramiento que tienen como prop\u00f3sito brindar protecci\u00f3n social a los trabajadores y sus familias. Cada uno de estos reg\u00edmenes tiene diferentes prestaciones y fuentes de financiamiento las cuales te lo integraremos en una tabla","breadcrumb":{"@id":"https:\/\/www3.facturehoy.com\/home\/prestaciones-y-financiamiento-del-seguro\/#breadcrumb"},"inLanguage":"es","potentialAction":[{"@type":"ReadAction","target":["https:\/\/www3.facturehoy.com\/home\/prestaciones-y-financiamiento-del-seguro\/"]}]},{"@type":"ImageObject","inLanguage":"es","@id":"https:\/\/www3.facturehoy.com\/home\/prestaciones-y-financiamiento-del-seguro\/#primaryimage","url":"https:\/\/www3.facturehoy.com\/wp-content\/uploads\/2024\/09\/IMSS-1.jpg","contentUrl":"https:\/\/www3.facturehoy.com\/wp-content\/uploads\/2024\/09\/IMSS-1.jpg","width":1920,"height":1080},{"@type":"BreadcrumbList","@id":"https:\/\/www3.facturehoy.com\/home\/prestaciones-y-financiamiento-del-seguro\/#breadcrumb","itemListElement":[{"@type":"ListItem","position":1,"name":"Portada","item":"https:\/\/www3.facturehoy.com\/home\/home\/"},{"@type":"ListItem","position":2,"name":"Prestaciones y financiamiento del seguro"}]},{"@type":"WebSite","@id":"https:\/\/www3.facturehoy.com\/home\/#website","url":"https:\/\/www3.facturehoy.com\/home\/","name":"FactureHoy","description":"Facturar en L\u00ednea","publisher":{"@id":"https:\/\/www3.facturehoy.com\/home\/#organization"},"potentialAction":[{"@type":"SearchAction","target":{"@type":"EntryPoint","urlTemplate":"https:\/\/www3.facturehoy.com\/home\/?s={search_term_string}"},"query-input":{"@type":"PropertyValueSpecification","valueRequired":true,"valueName":"search_term_string"}}],"inLanguage":"es"},{"@type":"Organization","@id":"https:\/\/www3.facturehoy.com\/home\/#organization","name":"FactureHoy","url":"https:\/\/www3.facturehoy.com\/home\/","logo":{"@type":"ImageObject","inLanguage":"es","@id":"https:\/\/www3.facturehoy.com\/home\/#\/schema\/logo\/image\/","url":"https:\/\/www3.facturehoy.com\/wp-content\/uploads\/2019\/06\/NUEVO-PAGINA-LOGO-Recuperado.png","contentUrl":"https:\/\/www3.facturehoy.com\/wp-content\/uploads\/2019\/06\/NUEVO-PAGINA-LOGO-Recuperado.png","width":300,"height":250,"caption":"FactureHoy"},"image":{"@id":"https:\/\/www3.facturehoy.com\/home\/#\/schema\/logo\/image\/"},"sameAs":["https:\/\/www.facebook.com\/facturehoy","https:\/\/x.com\/FactureHoy","https:\/\/www.linkedin.com\/company\/certus-facturehoy"]},{"@type":"Person","@id":"https:\/\/www3.facturehoy.com\/home\/#\/schema\/person\/59ab2d93910fb99bf28462ebea3c325d","name":"Viridiana Parra Trejo","image":{"@type":"ImageObject","inLanguage":"es","@id":"https:\/\/secure.gravatar.com\/avatar\/af1c46d464c1ab2bc43e77747d58357f8cb6efda1ee31fca143a855c3b59a12b?s=96&d=mm&r=g","url":"https:\/\/secure.gravatar.com\/avatar\/af1c46d464c1ab2bc43e77747d58357f8cb6efda1ee31fca143a855c3b59a12b?s=96&d=mm&r=g","contentUrl":"https:\/\/secure.gravatar.com\/avatar\/af1c46d464c1ab2bc43e77747d58357f8cb6efda1ee31fca143a855c3b59a12b?s=96&d=mm&r=g","caption":"Viridiana Parra Trejo"},"url":"https:\/\/www3.facturehoy.com\/home\/author\/v-parra\/"}]}},"rttpg_featured_image_url":{"full":["https:\/\/www3.facturehoy.com\/wp-content\/uploads\/2024\/09\/IMSS-1.jpg",1920,1080,false],"landscape":["https:\/\/www3.facturehoy.com\/wp-content\/uploads\/2024\/09\/IMSS-1.jpg",1920,1080,false],"portraits":["https:\/\/www3.facturehoy.com\/wp-content\/uploads\/2024\/09\/IMSS-1.jpg",1920,1080,false],"thumbnail":["https:\/\/www3.facturehoy.com\/wp-content\/uploads\/2024\/09\/IMSS-1-80x80.jpg",80,80,true],"medium":["https:\/\/www3.facturehoy.com\/wp-content\/uploads\/2024\/09\/IMSS-1-300x169.jpg",300,169,true],"large":["https:\/\/www3.facturehoy.com\/wp-content\/uploads\/2024\/09\/IMSS-1-1030x579.jpg",1030,579,true],"1536x1536":["https:\/\/www3.facturehoy.com\/wp-content\/uploads\/2024\/09\/IMSS-1-1536x864.jpg",1536,864,true],"2048x2048":["https:\/\/www3.facturehoy.com\/wp-content\/uploads\/2024\/09\/IMSS-1.jpg",1920,1080,false],"widget":["https:\/\/www3.facturehoy.com\/wp-content\/uploads\/2024\/09\/IMSS-1-36x36.jpg",36,36,true],"square":["https:\/\/www3.facturehoy.com\/wp-content\/uploads\/2024\/09\/IMSS-1-180x180.jpg",180,180,true],"featured":["https:\/\/www3.facturehoy.com\/wp-content\/uploads\/2024\/09\/IMSS-1-1500x430.jpg",1500,430,true],"featured_large":["https:\/\/www3.facturehoy.com\/wp-content\/uploads\/2024\/09\/IMSS-1-1500x630.jpg",1500,630,true],"extra_large":["https:\/\/www3.facturehoy.com\/wp-content\/uploads\/2024\/09\/IMSS-1-1500x844.jpg",1500,844,true],"portfolio":["https:\/\/www3.facturehoy.com\/wp-content\/uploads\/2024\/09\/IMSS-1-495x400.jpg",495,400,true],"portfolio_small":["https:\/\/www3.facturehoy.com\/wp-content\/uploads\/2024\/09\/IMSS-1-260x185.jpg",260,185,true],"gallery":["https:\/\/www3.facturehoy.com\/wp-content\/uploads\/2024\/09\/IMSS-1-845x684.jpg",845,684,true],"magazine":["https:\/\/www3.facturehoy.com\/wp-content\/uploads\/2024\/09\/IMSS-1-710x375.jpg",710,375,true],"masonry":["https:\/\/www3.facturehoy.com\/wp-content\/uploads\/2024\/09\/IMSS-1-705x397.jpg",705,397,true],"entry_with_sidebar":["https:\/\/www3.facturehoy.com\/wp-content\/uploads\/2024\/09\/IMSS-1-845x321.jpg",845,321,true],"entry_without_sidebar":["https:\/\/www3.facturehoy.com\/wp-content\/uploads\/2024\/09\/IMSS-1-1210x423.jpg",1210,423,true]},"rttpg_author":{"display_name":"Viridiana Parra Trejo","author_link":"https:\/\/www3.facturehoy.com\/home\/author\/v-parra\/"},"rttpg_comment":0,"rttpg_category":"<a href=\"https:\/\/www3.facturehoy.com\/home\/category\/noticias\/\" rel=\"category tag\">Noticias<\/a>","rttpg_excerpt":"El IMSS ofrece diversos reg\u00edmenes de aseguramiento que tienen como prop\u00f3sito brindar protecci\u00f3n social a los trabajadores y sus familias. Cada uno de estos reg\u00edmenes tiene diferentes prestaciones y fuentes de financiamiento las cuales te lo integraremos en una tabla","_links":{"self":[{"href":"https:\/\/www3.facturehoy.com\/home\/wp-json\/wp\/v2\/posts\/47073","targetHints":{"allow":["GET"]}}],"collection":[{"href":"https:\/\/www3.facturehoy.com\/home\/wp-json\/wp\/v2\/posts"}],"about":[{"href":"https:\/\/www3.facturehoy.com\/home\/wp-json\/wp\/v2\/types\/post"}],"author":[{"embeddable":true,"href":"https:\/\/www3.facturehoy.com\/home\/wp-json\/wp\/v2\/users\/888"}],"replies":[{"embeddable":true,"href":"https:\/\/www3.facturehoy.com\/home\/wp-json\/wp\/v2\/comments?post=47073"}],"version-history":[{"count":1,"href":"https:\/\/www3.facturehoy.com\/home\/wp-json\/wp\/v2\/posts\/47073\/revisions"}],"predecessor-version":[{"id":47100,"href":"https:\/\/www3.facturehoy.com\/home\/wp-json\/wp\/v2\/posts\/47073\/revisions\/47100"}],"wp:featuredmedia":[{"embeddable":true,"href":"https:\/\/www3.facturehoy.com\/home\/wp-json\/wp\/v2\/media\/47101"}],"wp:attachment":[{"href":"https:\/\/www3.facturehoy.com\/home\/wp-json\/wp\/v2\/media?parent=47073"}],"wp:term":[{"taxonomy":"category","embeddable":true,"href":"https:\/\/www3.facturehoy.com\/home\/wp-json\/wp\/v2\/categories?post=47073"},{"taxonomy":"post_tag","embeddable":true,"href":"https:\/\/www3.facturehoy.com\/home\/wp-json\/wp\/v2\/tags?post=47073"}],"curies":[{"name":"wp","href":"https:\/\/api.w.org\/{rel}","templated":true}]}}