{"id":47205,"date":"2024-10-02T13:05:30","date_gmt":"2024-10-02T19:05:30","guid":{"rendered":"https:\/\/www3.facturehoy.com\/home\/?p=47205"},"modified":"2024-10-02T13:58:56","modified_gmt":"2024-10-02T19:58:56","slug":"prospecto-ideal-para-tu-empresa","status":"publish","type":"post","link":"https:\/\/www3.facturehoy.com\/home\/prospecto-ideal-para-tu-empresa\/","title":{"rendered":"\u00bfC\u00f3mo elegir al prospecto ideal para tu empresa?"},"content":{"rendered":"\t\t<div data-elementor-type=\"wp-post\" data-elementor-id=\"47205\" class=\"elementor elementor-47205\" data-elementor-post-type=\"post\">\n\t\t\t\t\t\t<section class=\"elementor-section elementor-top-section elementor-element elementor-element-6aaaf01 elementor-section-boxed elementor-section-height-default elementor-section-height-default\" data-id=\"6aaaf01\" data-element_type=\"section\" data-e-type=\"section\">\n\t\t\t\t\t\t<div class=\"elementor-container elementor-column-gap-default\">\n\t\t\t\t\t<div class=\"elementor-column elementor-col-100 elementor-top-column elementor-element elementor-element-584dda3\" data-id=\"584dda3\" data-element_type=\"column\" data-e-type=\"column\">\n\t\t\t<div class=\"elementor-widget-wrap elementor-element-populated\">\n\t\t\t\t\t\t<div class=\"elementor-element elementor-element-4e54620 elementor-widget__width-initial elementor-widget elementor-widget-text-editor\" data-id=\"4e54620\" data-element_type=\"widget\" data-e-type=\"widget\" data-widget_type=\"text-editor.default\">\n\t\t\t\t<div class=\"elementor-widget-container\">\n\t\t\t\t\t\t\t\t\t<p><span style=\"color: #000000;\">Encontrar y seleccionar a los prospectos adecuados para tu empresa es crucial para el crecimiento y el \u00e9xito a largo plazo. Aqu\u00ed te presento una gu\u00eda paso a paso para identificar y evaluar candidatos que puedan contribuir de manera significativa a tu equipo:<\/span><\/p><ol><li style=\"list-style-type: none;\"><ol><li><span style=\"color: #22a8c9;\"><strong><strong>Definir el Perfil del Candidato Ideal<\/strong><\/strong><\/span><p><span style=\"color: #000000;\">Antes de comenzar el proceso de selecci\u00f3n, es fundamental tener claro qu\u00e9 caracter\u00edsticas y habilidades son prioritarias para el puesto. Esto incluye competencias t\u00e9cnicas, habilidades blandas, experiencia laboral previa y valores que encajen con la cultura de tu empresa.<\/span><\/p><p><span style=\"color: #000000;\">Competencias t\u00e9cnicas: Habilidades espec\u00edficas requeridas para desempe\u00f1ar el trabajo.<\/span><\/p><p><span style=\"color: #000000;\"><span style=\"text-decoration: underline;\"><strong>Habilidades blandas:<\/strong><\/span> Capacidades como trabajo en equipo, comunicaci\u00f3n efectiva y liderazgo.<\/span><\/p><p><span style=\"color: #000000;\"><strong><u>Experiencia relevante:<\/u><\/strong> Experiencia laboral previa en roles similares o en la industria espec\u00edfica.<\/span><\/p><p><span style=\"color: #000000;\"><strong><u>Cultura organizacional:<\/u><\/strong> Valores y principios que definen tu empresa y c\u00f3mo encajan con los valores del candidato.<\/span><\/p><\/li><li><span style=\"color: #22a8c9;\"><strong><strong>Utiliza m\u00faltiples fuentes para reclutar candidatos potenciales<\/strong><\/strong><\/span><p><span style=\"color: #000000;\"><strong><u>Redes profesionales:<\/u><\/strong> LinkedIn, grupos especializados en redes sociales.<\/span><\/p><p><span style=\"color: #000000;\"><strong><u>Portales de empleo<\/u>:<\/strong> Indeed, LinkedIn, entre otros.<\/span><\/p><p><span style=\"color: #000000;\"><strong><u>Referencias internas y externas<\/u>:<\/strong> Empleados actuales, contactos de la industria.<\/span><\/p><\/li><li><span style=\"color: #22a8c9;\"><strong><strong>Un proceso de selecci\u00f3n bien estructurado te ayudar\u00e1 a evaluar a los candidatos de manera justa y objetiva<\/strong><\/strong><\/span><p><span style=\"color: #000000;\"><strong><u>Revisi\u00f3n de CV y carta de presentaci\u00f3n:<\/u><\/strong> Busca experiencia relevante y alineaci\u00f3n con el perfil deseado.<\/span><\/p><p><span style=\"color: #000000;\"><strong><u>Entrevistas<\/u>:<\/strong> Realiza entrevistas telef\u00f3nicas y presenciales para evaluar habilidades t\u00e9cnicas y blandas.<\/span><\/p><p><span style=\"color: #000000;\"><strong><u>Pruebas de habilidades:<\/u><\/strong> \u00a0Pruebas t\u00e9cnicas o de competencias espec\u00edficas, seg\u00fan sea necesario.<\/span><\/p><p><span style=\"color: #000000;\"><strong><u>Referencias<\/u>:<\/strong> Contacta a referencias profesionales para verificar la experiencia y el desempe\u00f1o previo del candidato.<\/span><\/p><\/li><li><span style=\"color: #22a8c9;\"><strong><strong>Evaluaci\u00f3n de Ajuste Cultural<\/strong><\/strong><\/span><p><span style=\"color: #000000;\">Adem\u00e1s de las habilidades t\u00e9cnicas, considera si el candidato encaja con la cultura organizacional de tu empresa. Esto ayuda a prever la integraci\u00f3n exitosa del nuevo empleado y la retenci\u00f3n a largo plazo.<\/span><\/p><p><span style=\"color: #000000;\"><strong><u>Valores compartidos:<\/u><\/strong> \u00a0Eval\u00faa si los valores personales del candidato coinciden con los valores de tu empresa.<\/span><\/p><p><span style=\"color: #000000;\"><strong><u>Adaptabilidad<\/u>:<\/strong> Capacidad del candidato para adaptarse a nuevos entornos y formas de trabajo.<\/span><\/p><\/li><li><span style=\"color: #22a8c9;\"><strong><strong>Comunicaci\u00f3n Transparente y Proceso de Contrataci\u00f3n<\/strong><\/strong><\/span><p><span style=\"color: #000000;\">Durante todo el proceso, mant\u00e9n una comunicaci\u00f3n clara y transparente con los candidatos. Informa sobre los plazos, las etapas de proceso y cualquier otra informaci\u00f3n relevante.<\/span><\/p><p><span style=\"color: #000000;\"><strong><u>Retroalimentaci\u00f3n<\/u>:<\/strong> Proporciona retroalimentaci\u00f3n constructiva a los candidatos que no sean seleccionados.<\/span><\/p><p><span style=\"color: #000000;\"><strong><u>Oferta de empleo:<\/u><\/strong> Presenta una oferta clara y detallada a tu candidato seleccionado, incluyendo salario, beneficios y expectativas.<\/span><\/p><\/li><li><span style=\"color: #22a8c9;\"><strong><strong>Una vez contratado el candidato, aseg\u00farate de ofrecer un seguimiento adecuado para facilitar la integraci\u00f3n y el desarrollo continuo<\/strong><\/strong><\/span><p><span style=\"color: #000000;\"><strong><u>Programa de incorporaci\u00f3n:<\/u><\/strong> Proporciona una orientaci\u00f3n detallada sobre la empresa, su cultura y los procedimientos internos.<\/span><\/p><p><span style=\"color: #000000;\"><strong><u>Evaluaci\u00f3n continua:<\/u><\/strong> Realiza evaluaciones de desempe\u00f1o regulares para identificar \u00e1reas de desarrollo y oportunidades de crecimiento.<\/span><\/p><p><span style=\"color: #000000;\">Al seguir estos pasos, podr\u00e1s seleccionar al prospecto ideal que no solo posea las habilidades t\u00e9cnicas necesarias, sino que tambi\u00e9n se integre perfectamente con la cultura y los valores de tu empresa, contribuyendo as\u00ed al \u00e9xito y al crecimiento organizacional a largo plazo.<\/span><\/p><\/li><\/ol><\/li><\/ol><p>\u00a0<\/p>\t\t\t\t\t\t\t\t<\/div>\n\t\t\t\t<\/div>\n\t\t\t\t<div class=\"elementor-element elementor-element-3f718c5 elementor-widget elementor-widget-author-box\" data-id=\"3f718c5\" data-element_type=\"widget\" data-e-type=\"widget\" data-widget_type=\"author-box.default\">\n\t\t\t\t<div class=\"elementor-widget-container\">\n\t\t\t\t\t\t\t<div class=\"elementor-author-box\">\n\t\t\t\t\t\t\t<div  class=\"elementor-author-box__avatar\">\n\t\t\t\t\t<img decoding=\"async\" src=\"https:\/\/www3.facturehoy.com\/wp-content\/uploads\/2024\/08\/Michel-Aguilar-297x300.jpeg\" alt=\"Imagen de Michel Aguilar\" loading=\"lazy\">\n\t\t\t\t<\/div>\n\t\t\t\n\t\t\t<div class=\"elementor-author-box__text\">\n\t\t\t\t\t\t\t\t\t<div >\n\t\t\t\t\t\t<h4 class=\"elementor-author-box__name\">\n\t\t\t\t\t\t\tMichel Aguilar\t\t\t\t\t\t<\/h4>\n\t\t\t\t\t<\/div>\n\t\t\t\t\n\t\t\t\t\n\t\t\t\t\t\t\t<\/div>\n\t\t<\/div>\n\t\t\t\t\t\t<\/div>\n\t\t\t\t<\/div>\n\t\t\t\t\t<\/div>\n\t\t<\/div>\n\t\t\t\t\t<\/div>\n\t\t<\/section>\n\t\t\t\t<\/div>\n\t\t","protected":false},"excerpt":{"rendered":"<p>Encontrar y seleccionar a los prospectos adecuados para tu empresa es crucial para el crecimiento y el \u00e9xito a largo plazo. Aqu\u00ed te presento una gu\u00eda paso a paso para identificar y evaluar candidatos <\/p>\n","protected":false},"author":888,"featured_media":47207,"comment_status":"closed","ping_status":"closed","sticky":false,"template":"","format":"standard","meta":{"content-type":"","om_disable_all_campaigns":false,"_uf_show_specific_survey":0,"_uf_disable_surveys":false,"_joinchat":[],"footnotes":""},"categories":[3],"tags":[6659,48,6658,6657,6612],"class_list":["post-47205","post","type-post","status-publish","format-standard","has-post-thumbnail","hentry","category-noticias","tag-candidatos","tag-cv","tag-entrevista","tag-prospecto","tag-trabajadores"],"yoast_head":"<!-- This site is optimized with the Yoast SEO plugin v27.5 - https:\/\/yoast.com\/product\/yoast-seo-wordpress\/ -->\n<title>\u00bfC\u00f3mo elegir al prospecto ideal para tu empresa? - FactureHoy<\/title>\n<meta name=\"description\" content=\"Encontrar y seleccionar a los prospectos adecuados para tu empresa es crucial para el crecimiento y el \u00e9xito a largo plazo.\" \/>\n<meta name=\"robots\" content=\"index, follow, max-snippet:-1, max-image-preview:large, max-video-preview:-1\" \/>\n<link rel=\"canonical\" href=\"https:\/\/www3.facturehoy.com\/home\/prospecto-ideal-para-tu-empresa\/\" \/>\n<meta property=\"og:locale\" content=\"es_ES\" \/>\n<meta property=\"og:type\" content=\"article\" \/>\n<meta property=\"og:title\" content=\"\u00bfC\u00f3mo elegir al prospecto ideal para tu empresa? - FactureHoy\" \/>\n<meta property=\"og:description\" content=\"Encontrar y seleccionar a los prospectos adecuados para tu empresa es crucial para el crecimiento y el \u00e9xito a largo plazo.\" \/>\n<meta property=\"og:url\" content=\"https:\/\/www3.facturehoy.com\/home\/prospecto-ideal-para-tu-empresa\/\" \/>\n<meta property=\"og:site_name\" content=\"FactureHoy\" \/>\n<meta property=\"article:publisher\" content=\"https:\/\/www.facebook.com\/facturehoy\" \/>\n<meta property=\"article:published_time\" content=\"2024-10-02T19:05:30+00:00\" \/>\n<meta property=\"article:modified_time\" content=\"2024-10-02T19:58:56+00:00\" \/>\n<meta property=\"og:image\" content=\"https:\/\/www3.facturehoy.com\/wp-content\/uploads\/2024\/10\/prospectoideal.jpg\" \/>\n\t<meta property=\"og:image:width\" content=\"1920\" \/>\n\t<meta property=\"og:image:height\" content=\"1080\" \/>\n\t<meta property=\"og:image:type\" content=\"image\/jpeg\" \/>\n<meta name=\"author\" content=\"Viridiana Parra Trejo\" \/>\n<meta name=\"twitter:card\" content=\"summary_large_image\" \/>\n<meta name=\"twitter:creator\" content=\"@FactureHoy\" \/>\n<meta name=\"twitter:site\" content=\"@FactureHoy\" \/>\n<meta name=\"twitter:label1\" content=\"Escrito por\" \/>\n\t<meta name=\"twitter:data1\" content=\"Viridiana Parra Trejo\" \/>\n\t<meta name=\"twitter:label2\" content=\"Tiempo de lectura\" \/>\n\t<meta name=\"twitter:data2\" content=\"3 minutos\" \/>\n<script type=\"application\/ld+json\" class=\"yoast-schema-graph\">{\"@context\":\"https:\\\/\\\/schema.org\",\"@graph\":[{\"@type\":\"Article\",\"@id\":\"https:\\\/\\\/www3.facturehoy.com\\\/home\\\/prospecto-ideal-para-tu-empresa\\\/#article\",\"isPartOf\":{\"@id\":\"https:\\\/\\\/www3.facturehoy.com\\\/home\\\/prospecto-ideal-para-tu-empresa\\\/\"},\"author\":{\"name\":\"Viridiana Parra Trejo\",\"@id\":\"https:\\\/\\\/www3.facturehoy.com\\\/home\\\/#\\\/schema\\\/person\\\/59ab2d93910fb99bf28462ebea3c325d\"},\"headline\":\"\u00bfC\u00f3mo elegir al prospecto ideal para tu empresa?\",\"datePublished\":\"2024-10-02T19:05:30+00:00\",\"dateModified\":\"2024-10-02T19:58:56+00:00\",\"mainEntityOfPage\":{\"@id\":\"https:\\\/\\\/www3.facturehoy.com\\\/home\\\/prospecto-ideal-para-tu-empresa\\\/\"},\"wordCount\":516,\"publisher\":{\"@id\":\"https:\\\/\\\/www3.facturehoy.com\\\/home\\\/#organization\"},\"image\":{\"@id\":\"https:\\\/\\\/www3.facturehoy.com\\\/home\\\/prospecto-ideal-para-tu-empresa\\\/#primaryimage\"},\"thumbnailUrl\":\"https:\\\/\\\/www3.facturehoy.com\\\/wp-content\\\/uploads\\\/2024\\\/10\\\/prospectoideal.jpg\",\"keywords\":[\"candidatos\",\"CV\",\"entrevista\",\"Prospecto\",\"Trabajadores\"],\"articleSection\":[\"Noticias\"],\"inLanguage\":\"es\"},{\"@type\":\"WebPage\",\"@id\":\"https:\\\/\\\/www3.facturehoy.com\\\/home\\\/prospecto-ideal-para-tu-empresa\\\/\",\"url\":\"https:\\\/\\\/www3.facturehoy.com\\\/home\\\/prospecto-ideal-para-tu-empresa\\\/\",\"name\":\"\u00bfC\u00f3mo elegir al prospecto ideal para tu empresa? - FactureHoy\",\"isPartOf\":{\"@id\":\"https:\\\/\\\/www3.facturehoy.com\\\/home\\\/#website\"},\"primaryImageOfPage\":{\"@id\":\"https:\\\/\\\/www3.facturehoy.com\\\/home\\\/prospecto-ideal-para-tu-empresa\\\/#primaryimage\"},\"image\":{\"@id\":\"https:\\\/\\\/www3.facturehoy.com\\\/home\\\/prospecto-ideal-para-tu-empresa\\\/#primaryimage\"},\"thumbnailUrl\":\"https:\\\/\\\/www3.facturehoy.com\\\/wp-content\\\/uploads\\\/2024\\\/10\\\/prospectoideal.jpg\",\"datePublished\":\"2024-10-02T19:05:30+00:00\",\"dateModified\":\"2024-10-02T19:58:56+00:00\",\"description\":\"Encontrar y seleccionar a los prospectos adecuados para tu empresa es crucial para el crecimiento y el \u00e9xito a largo plazo.\",\"breadcrumb\":{\"@id\":\"https:\\\/\\\/www3.facturehoy.com\\\/home\\\/prospecto-ideal-para-tu-empresa\\\/#breadcrumb\"},\"inLanguage\":\"es\",\"potentialAction\":[{\"@type\":\"ReadAction\",\"target\":[\"https:\\\/\\\/www3.facturehoy.com\\\/home\\\/prospecto-ideal-para-tu-empresa\\\/\"]}]},{\"@type\":\"ImageObject\",\"inLanguage\":\"es\",\"@id\":\"https:\\\/\\\/www3.facturehoy.com\\\/home\\\/prospecto-ideal-para-tu-empresa\\\/#primaryimage\",\"url\":\"https:\\\/\\\/www3.facturehoy.com\\\/wp-content\\\/uploads\\\/2024\\\/10\\\/prospectoideal.jpg\",\"contentUrl\":\"https:\\\/\\\/www3.facturehoy.com\\\/wp-content\\\/uploads\\\/2024\\\/10\\\/prospectoideal.jpg\",\"width\":1920,\"height\":1080,\"caption\":\"Gente esperando para entrar a una entrevista de trabajo\"},{\"@type\":\"BreadcrumbList\",\"@id\":\"https:\\\/\\\/www3.facturehoy.com\\\/home\\\/prospecto-ideal-para-tu-empresa\\\/#breadcrumb\",\"itemListElement\":[{\"@type\":\"ListItem\",\"position\":1,\"name\":\"Portada\",\"item\":\"https:\\\/\\\/www3.facturehoy.com\\\/home\\\/home\\\/\"},{\"@type\":\"ListItem\",\"position\":2,\"name\":\"\u00bfC\u00f3mo elegir al prospecto ideal para tu empresa?\"}]},{\"@type\":\"WebSite\",\"@id\":\"https:\\\/\\\/www3.facturehoy.com\\\/home\\\/#website\",\"url\":\"https:\\\/\\\/www3.facturehoy.com\\\/home\\\/\",\"name\":\"FactureHoy\",\"description\":\"Facturar en L\u00ednea\",\"publisher\":{\"@id\":\"https:\\\/\\\/www3.facturehoy.com\\\/home\\\/#organization\"},\"potentialAction\":[{\"@type\":\"SearchAction\",\"target\":{\"@type\":\"EntryPoint\",\"urlTemplate\":\"https:\\\/\\\/www3.facturehoy.com\\\/home\\\/?s={search_term_string}\"},\"query-input\":{\"@type\":\"PropertyValueSpecification\",\"valueRequired\":true,\"valueName\":\"search_term_string\"}}],\"inLanguage\":\"es\"},{\"@type\":\"Organization\",\"@id\":\"https:\\\/\\\/www3.facturehoy.com\\\/home\\\/#organization\",\"name\":\"FactureHoy\",\"url\":\"https:\\\/\\\/www3.facturehoy.com\\\/home\\\/\",\"logo\":{\"@type\":\"ImageObject\",\"inLanguage\":\"es\",\"@id\":\"https:\\\/\\\/www3.facturehoy.com\\\/home\\\/#\\\/schema\\\/logo\\\/image\\\/\",\"url\":\"https:\\\/\\\/www3.facturehoy.com\\\/wp-content\\\/uploads\\\/2019\\\/06\\\/NUEVO-PAGINA-LOGO-Recuperado.png\",\"contentUrl\":\"https:\\\/\\\/www3.facturehoy.com\\\/wp-content\\\/uploads\\\/2019\\\/06\\\/NUEVO-PAGINA-LOGO-Recuperado.png\",\"width\":300,\"height\":250,\"caption\":\"FactureHoy\"},\"image\":{\"@id\":\"https:\\\/\\\/www3.facturehoy.com\\\/home\\\/#\\\/schema\\\/logo\\\/image\\\/\"},\"sameAs\":[\"https:\\\/\\\/www.facebook.com\\\/facturehoy\",\"https:\\\/\\\/x.com\\\/FactureHoy\",\"https:\\\/\\\/www.linkedin.com\\\/company\\\/certus-facturehoy\"]},{\"@type\":\"Person\",\"@id\":\"https:\\\/\\\/www3.facturehoy.com\\\/home\\\/#\\\/schema\\\/person\\\/59ab2d93910fb99bf28462ebea3c325d\",\"name\":\"Viridiana Parra Trejo\",\"image\":{\"@type\":\"ImageObject\",\"inLanguage\":\"es\",\"@id\":\"https:\\\/\\\/secure.gravatar.com\\\/avatar\\\/af1c46d464c1ab2bc43e77747d58357f8cb6efda1ee31fca143a855c3b59a12b?s=96&d=mm&r=g\",\"url\":\"https:\\\/\\\/secure.gravatar.com\\\/avatar\\\/af1c46d464c1ab2bc43e77747d58357f8cb6efda1ee31fca143a855c3b59a12b?s=96&d=mm&r=g\",\"contentUrl\":\"https:\\\/\\\/secure.gravatar.com\\\/avatar\\\/af1c46d464c1ab2bc43e77747d58357f8cb6efda1ee31fca143a855c3b59a12b?s=96&d=mm&r=g\",\"caption\":\"Viridiana Parra Trejo\"},\"url\":\"https:\\\/\\\/www3.facturehoy.com\\\/home\\\/author\\\/v-parra\\\/\"}]}<\/script>\n<!-- \/ Yoast SEO plugin. -->","yoast_head_json":{"title":"\u00bfC\u00f3mo elegir al prospecto ideal para tu empresa? - FactureHoy","description":"Encontrar y seleccionar a los prospectos adecuados para tu empresa es crucial para el crecimiento y el \u00e9xito a largo plazo.","robots":{"index":"index","follow":"follow","max-snippet":"max-snippet:-1","max-image-preview":"max-image-preview:large","max-video-preview":"max-video-preview:-1"},"canonical":"https:\/\/www3.facturehoy.com\/home\/prospecto-ideal-para-tu-empresa\/","og_locale":"es_ES","og_type":"article","og_title":"\u00bfC\u00f3mo elegir al prospecto ideal para tu empresa? - FactureHoy","og_description":"Encontrar y seleccionar a los prospectos adecuados para tu empresa es crucial para el crecimiento y el \u00e9xito a largo plazo.","og_url":"https:\/\/www3.facturehoy.com\/home\/prospecto-ideal-para-tu-empresa\/","og_site_name":"FactureHoy","article_publisher":"https:\/\/www.facebook.com\/facturehoy","article_published_time":"2024-10-02T19:05:30+00:00","article_modified_time":"2024-10-02T19:58:56+00:00","og_image":[{"width":1920,"height":1080,"url":"https:\/\/www3.facturehoy.com\/wp-content\/uploads\/2024\/10\/prospectoideal.jpg","type":"image\/jpeg"}],"author":"Viridiana Parra Trejo","twitter_card":"summary_large_image","twitter_creator":"@FactureHoy","twitter_site":"@FactureHoy","twitter_misc":{"Escrito por":"Viridiana Parra Trejo","Tiempo de lectura":"3 minutos"},"schema":{"@context":"https:\/\/schema.org","@graph":[{"@type":"Article","@id":"https:\/\/www3.facturehoy.com\/home\/prospecto-ideal-para-tu-empresa\/#article","isPartOf":{"@id":"https:\/\/www3.facturehoy.com\/home\/prospecto-ideal-para-tu-empresa\/"},"author":{"name":"Viridiana Parra Trejo","@id":"https:\/\/www3.facturehoy.com\/home\/#\/schema\/person\/59ab2d93910fb99bf28462ebea3c325d"},"headline":"\u00bfC\u00f3mo elegir al prospecto ideal para tu empresa?","datePublished":"2024-10-02T19:05:30+00:00","dateModified":"2024-10-02T19:58:56+00:00","mainEntityOfPage":{"@id":"https:\/\/www3.facturehoy.com\/home\/prospecto-ideal-para-tu-empresa\/"},"wordCount":516,"publisher":{"@id":"https:\/\/www3.facturehoy.com\/home\/#organization"},"image":{"@id":"https:\/\/www3.facturehoy.com\/home\/prospecto-ideal-para-tu-empresa\/#primaryimage"},"thumbnailUrl":"https:\/\/www3.facturehoy.com\/wp-content\/uploads\/2024\/10\/prospectoideal.jpg","keywords":["candidatos","CV","entrevista","Prospecto","Trabajadores"],"articleSection":["Noticias"],"inLanguage":"es"},{"@type":"WebPage","@id":"https:\/\/www3.facturehoy.com\/home\/prospecto-ideal-para-tu-empresa\/","url":"https:\/\/www3.facturehoy.com\/home\/prospecto-ideal-para-tu-empresa\/","name":"\u00bfC\u00f3mo elegir al prospecto ideal para tu empresa? - FactureHoy","isPartOf":{"@id":"https:\/\/www3.facturehoy.com\/home\/#website"},"primaryImageOfPage":{"@id":"https:\/\/www3.facturehoy.com\/home\/prospecto-ideal-para-tu-empresa\/#primaryimage"},"image":{"@id":"https:\/\/www3.facturehoy.com\/home\/prospecto-ideal-para-tu-empresa\/#primaryimage"},"thumbnailUrl":"https:\/\/www3.facturehoy.com\/wp-content\/uploads\/2024\/10\/prospectoideal.jpg","datePublished":"2024-10-02T19:05:30+00:00","dateModified":"2024-10-02T19:58:56+00:00","description":"Encontrar y seleccionar a los prospectos adecuados para tu empresa es crucial para el crecimiento y el \u00e9xito a largo plazo.","breadcrumb":{"@id":"https:\/\/www3.facturehoy.com\/home\/prospecto-ideal-para-tu-empresa\/#breadcrumb"},"inLanguage":"es","potentialAction":[{"@type":"ReadAction","target":["https:\/\/www3.facturehoy.com\/home\/prospecto-ideal-para-tu-empresa\/"]}]},{"@type":"ImageObject","inLanguage":"es","@id":"https:\/\/www3.facturehoy.com\/home\/prospecto-ideal-para-tu-empresa\/#primaryimage","url":"https:\/\/www3.facturehoy.com\/wp-content\/uploads\/2024\/10\/prospectoideal.jpg","contentUrl":"https:\/\/www3.facturehoy.com\/wp-content\/uploads\/2024\/10\/prospectoideal.jpg","width":1920,"height":1080,"caption":"Gente esperando para entrar a una entrevista de trabajo"},{"@type":"BreadcrumbList","@id":"https:\/\/www3.facturehoy.com\/home\/prospecto-ideal-para-tu-empresa\/#breadcrumb","itemListElement":[{"@type":"ListItem","position":1,"name":"Portada","item":"https:\/\/www3.facturehoy.com\/home\/home\/"},{"@type":"ListItem","position":2,"name":"\u00bfC\u00f3mo elegir al prospecto ideal para tu empresa?"}]},{"@type":"WebSite","@id":"https:\/\/www3.facturehoy.com\/home\/#website","url":"https:\/\/www3.facturehoy.com\/home\/","name":"FactureHoy","description":"Facturar en L\u00ednea","publisher":{"@id":"https:\/\/www3.facturehoy.com\/home\/#organization"},"potentialAction":[{"@type":"SearchAction","target":{"@type":"EntryPoint","urlTemplate":"https:\/\/www3.facturehoy.com\/home\/?s={search_term_string}"},"query-input":{"@type":"PropertyValueSpecification","valueRequired":true,"valueName":"search_term_string"}}],"inLanguage":"es"},{"@type":"Organization","@id":"https:\/\/www3.facturehoy.com\/home\/#organization","name":"FactureHoy","url":"https:\/\/www3.facturehoy.com\/home\/","logo":{"@type":"ImageObject","inLanguage":"es","@id":"https:\/\/www3.facturehoy.com\/home\/#\/schema\/logo\/image\/","url":"https:\/\/www3.facturehoy.com\/wp-content\/uploads\/2019\/06\/NUEVO-PAGINA-LOGO-Recuperado.png","contentUrl":"https:\/\/www3.facturehoy.com\/wp-content\/uploads\/2019\/06\/NUEVO-PAGINA-LOGO-Recuperado.png","width":300,"height":250,"caption":"FactureHoy"},"image":{"@id":"https:\/\/www3.facturehoy.com\/home\/#\/schema\/logo\/image\/"},"sameAs":["https:\/\/www.facebook.com\/facturehoy","https:\/\/x.com\/FactureHoy","https:\/\/www.linkedin.com\/company\/certus-facturehoy"]},{"@type":"Person","@id":"https:\/\/www3.facturehoy.com\/home\/#\/schema\/person\/59ab2d93910fb99bf28462ebea3c325d","name":"Viridiana Parra Trejo","image":{"@type":"ImageObject","inLanguage":"es","@id":"https:\/\/secure.gravatar.com\/avatar\/af1c46d464c1ab2bc43e77747d58357f8cb6efda1ee31fca143a855c3b59a12b?s=96&d=mm&r=g","url":"https:\/\/secure.gravatar.com\/avatar\/af1c46d464c1ab2bc43e77747d58357f8cb6efda1ee31fca143a855c3b59a12b?s=96&d=mm&r=g","contentUrl":"https:\/\/secure.gravatar.com\/avatar\/af1c46d464c1ab2bc43e77747d58357f8cb6efda1ee31fca143a855c3b59a12b?s=96&d=mm&r=g","caption":"Viridiana Parra Trejo"},"url":"https:\/\/www3.facturehoy.com\/home\/author\/v-parra\/"}]}},"rttpg_featured_image_url":{"full":["https:\/\/www3.facturehoy.com\/wp-content\/uploads\/2024\/10\/prospectoideal.jpg",1920,1080,false],"landscape":["https:\/\/www3.facturehoy.com\/wp-content\/uploads\/2024\/10\/prospectoideal.jpg",1920,1080,false],"portraits":["https:\/\/www3.facturehoy.com\/wp-content\/uploads\/2024\/10\/prospectoideal.jpg",1920,1080,false],"thumbnail":["https:\/\/www3.facturehoy.com\/wp-content\/uploads\/2024\/10\/prospectoideal-80x80.jpg",80,80,true],"medium":["https:\/\/www3.facturehoy.com\/wp-content\/uploads\/2024\/10\/prospectoideal-300x169.jpg",300,169,true],"large":["https:\/\/www3.facturehoy.com\/wp-content\/uploads\/2024\/10\/prospectoideal-1030x579.jpg",1030,579,true],"1536x1536":["https:\/\/www3.facturehoy.com\/wp-content\/uploads\/2024\/10\/prospectoideal-1536x864.jpg",1536,864,true],"2048x2048":["https:\/\/www3.facturehoy.com\/wp-content\/uploads\/2024\/10\/prospectoideal.jpg",1920,1080,false],"widget":["https:\/\/www3.facturehoy.com\/wp-content\/uploads\/2024\/10\/prospectoideal-36x36.jpg",36,36,true],"square":["https:\/\/www3.facturehoy.com\/wp-content\/uploads\/2024\/10\/prospectoideal-180x180.jpg",180,180,true],"featured":["https:\/\/www3.facturehoy.com\/wp-content\/uploads\/2024\/10\/prospectoideal-1500x430.jpg",1500,430,true],"featured_large":["https:\/\/www3.facturehoy.com\/wp-content\/uploads\/2024\/10\/prospectoideal-1500x630.jpg",1500,630,true],"extra_large":["https:\/\/www3.facturehoy.com\/wp-content\/uploads\/2024\/10\/prospectoideal-1500x844.jpg",1500,844,true],"portfolio":["https:\/\/www3.facturehoy.com\/wp-content\/uploads\/2024\/10\/prospectoideal-495x400.jpg",495,400,true],"portfolio_small":["https:\/\/www3.facturehoy.com\/wp-content\/uploads\/2024\/10\/prospectoideal-260x185.jpg",260,185,true],"gallery":["https:\/\/www3.facturehoy.com\/wp-content\/uploads\/2024\/10\/prospectoideal-845x684.jpg",845,684,true],"magazine":["https:\/\/www3.facturehoy.com\/wp-content\/uploads\/2024\/10\/prospectoideal-710x375.jpg",710,375,true],"masonry":["https:\/\/www3.facturehoy.com\/wp-content\/uploads\/2024\/10\/prospectoideal-705x397.jpg",705,397,true],"entry_with_sidebar":["https:\/\/www3.facturehoy.com\/wp-content\/uploads\/2024\/10\/prospectoideal-845x321.jpg",845,321,true],"entry_without_sidebar":["https:\/\/www3.facturehoy.com\/wp-content\/uploads\/2024\/10\/prospectoideal-1210x423.jpg",1210,423,true]},"rttpg_author":{"display_name":"Viridiana Parra Trejo","author_link":"https:\/\/www3.facturehoy.com\/home\/author\/v-parra\/"},"rttpg_comment":0,"rttpg_category":"<a href=\"https:\/\/www3.facturehoy.com\/home\/category\/noticias\/\" rel=\"category tag\">Noticias<\/a>","rttpg_excerpt":"Encontrar y seleccionar a los prospectos adecuados para tu empresa es crucial para el crecimiento y el \u00e9xito a largo plazo. Aqu\u00ed te presento una gu\u00eda paso a paso para identificar y evaluar candidatos","_links":{"self":[{"href":"https:\/\/www3.facturehoy.com\/home\/wp-json\/wp\/v2\/posts\/47205","targetHints":{"allow":["GET"]}}],"collection":[{"href":"https:\/\/www3.facturehoy.com\/home\/wp-json\/wp\/v2\/posts"}],"about":[{"href":"https:\/\/www3.facturehoy.com\/home\/wp-json\/wp\/v2\/types\/post"}],"author":[{"embeddable":true,"href":"https:\/\/www3.facturehoy.com\/home\/wp-json\/wp\/v2\/users\/888"}],"replies":[{"embeddable":true,"href":"https:\/\/www3.facturehoy.com\/home\/wp-json\/wp\/v2\/comments?post=47205"}],"version-history":[{"count":1,"href":"https:\/\/www3.facturehoy.com\/home\/wp-json\/wp\/v2\/posts\/47205\/revisions"}],"predecessor-version":[{"id":47214,"href":"https:\/\/www3.facturehoy.com\/home\/wp-json\/wp\/v2\/posts\/47205\/revisions\/47214"}],"wp:featuredmedia":[{"embeddable":true,"href":"https:\/\/www3.facturehoy.com\/home\/wp-json\/wp\/v2\/media\/47207"}],"wp:attachment":[{"href":"https:\/\/www3.facturehoy.com\/home\/wp-json\/wp\/v2\/media?parent=47205"}],"wp:term":[{"taxonomy":"category","embeddable":true,"href":"https:\/\/www3.facturehoy.com\/home\/wp-json\/wp\/v2\/categories?post=47205"},{"taxonomy":"post_tag","embeddable":true,"href":"https:\/\/www3.facturehoy.com\/home\/wp-json\/wp\/v2\/tags?post=47205"}],"curies":[{"name":"wp","href":"https:\/\/api.w.org\/{rel}","templated":true}]}}