{"id":47219,"date":"2024-10-09T17:44:56","date_gmt":"2024-10-09T23:44:56","guid":{"rendered":"https:\/\/www3.facturehoy.com\/home\/?p=47219"},"modified":"2024-10-09T18:18:04","modified_gmt":"2024-10-10T00:18:04","slug":"desaparecio-la-compensacion","status":"publish","type":"post","link":"https:\/\/www3.facturehoy.com\/home\/desaparecio-la-compensacion\/","title":{"rendered":"\u00bfDesapareci\u00f3 la compensaci\u00f3n?"},"content":{"rendered":"\t\t<div data-elementor-type=\"wp-post\" data-elementor-id=\"47219\" class=\"elementor elementor-47219\" data-elementor-post-type=\"post\">\n\t\t\t\t\t\t<section class=\"elementor-section elementor-top-section elementor-element elementor-element-18fbb19 elementor-section-boxed elementor-section-height-default elementor-section-height-default\" data-id=\"18fbb19\" data-element_type=\"section\" data-e-type=\"section\">\n\t\t\t\t\t\t<div class=\"elementor-container elementor-column-gap-default\">\n\t\t\t\t\t<div class=\"elementor-column elementor-col-100 elementor-top-column elementor-element elementor-element-a87c9de\" data-id=\"a87c9de\" data-element_type=\"column\" data-e-type=\"column\">\n\t\t\t<div class=\"elementor-widget-wrap elementor-element-populated\">\n\t\t\t\t\t\t<div class=\"elementor-element elementor-element-54b6048 elementor-widget elementor-widget-text-editor\" data-id=\"54b6048\" data-element_type=\"widget\" data-e-type=\"widget\" data-widget_type=\"text-editor.default\">\n\t\t\t\t<div class=\"elementor-widget-container\">\n\t\t\t\t\t\t\t\t\t<p><span style=\"color: #000000;\">El t\u00e9rmino<\/span><span style=\"color: #2db4d6;\"> \u201c<strong>compensaci\u00f3n universal<\/strong>\u201d<\/span> <span style=\"color: #000000;\">ha sido utilizado principalmente en el \u00e1mbito fiscal. Espec\u00edficamente, se refiere a una disposici\u00f3n dentro del sistema tributario mexicano que permit\u00eda a las personas f\u00edsicas y morales (empresas) compensar sus impuestos a favor en contra de sus obligaciones fiscales que resultaban a pagar, como se muestra en la siguiente tabla:<\/span><\/p>\t\t\t\t\t\t\t\t<\/div>\n\t\t\t\t<\/div>\n\t\t\t\t\t<\/div>\n\t\t<\/div>\n\t\t\t\t\t<\/div>\n\t\t<\/section>\n\t\t\t\t<section class=\"elementor-section elementor-top-section elementor-element elementor-element-57be0f7 elementor-section-boxed elementor-section-height-default elementor-section-height-default\" data-id=\"57be0f7\" data-element_type=\"section\" data-e-type=\"section\">\n\t\t\t\t\t\t<div class=\"elementor-container elementor-column-gap-default\">\n\t\t\t\t\t<div class=\"elementor-column elementor-col-100 elementor-top-column elementor-element elementor-element-ad57d98\" data-id=\"ad57d98\" data-element_type=\"column\" data-e-type=\"column\">\n\t\t\t<div class=\"elementor-widget-wrap elementor-element-populated\">\n\t\t\t\t\t\t<div class=\"elementor-element elementor-element-74b54d0 elementor-widget elementor-widget-image\" data-id=\"74b54d0\" data-element_type=\"widget\" data-e-type=\"widget\" data-widget_type=\"image.default\">\n\t\t\t\t<div class=\"elementor-widget-container\">\n\t\t\t\t\t\t\t\t\t\t\t\t\t\t\t<img fetchpriority=\"high\" decoding=\"async\" width=\"830\" height=\"358\" src=\"https:\/\/www3.facturehoy.com\/wp-content\/uploads\/2024\/10\/Captura-de-pantalla-2024-10-09-175120.png\" class=\"attachment-large size-large wp-image-47222\" alt=\"Tabla donde se ejemplifica de manera grafica la compensaci\u00f3n universal\" srcset=\"https:\/\/www3.facturehoy.com\/wp-content\/uploads\/2024\/10\/Captura-de-pantalla-2024-10-09-175120.png 830w, https:\/\/www3.facturehoy.com\/wp-content\/uploads\/2024\/10\/Captura-de-pantalla-2024-10-09-175120-300x129.png 300w, https:\/\/www3.facturehoy.com\/wp-content\/uploads\/2024\/10\/Captura-de-pantalla-2024-10-09-175120-768x331.png 768w, https:\/\/www3.facturehoy.com\/wp-content\/uploads\/2024\/10\/Captura-de-pantalla-2024-10-09-175120-705x304.png 705w\" sizes=\"(max-width: 830px) 100vw, 830px\" \/>\t\t\t\t\t\t\t\t\t\t\t\t\t\t\t<\/div>\n\t\t\t\t<\/div>\n\t\t\t\t\t<\/div>\n\t\t<\/div>\n\t\t\t\t\t<\/div>\n\t\t<\/section>\n\t\t\t\t<section class=\"elementor-section elementor-top-section elementor-element elementor-element-933adef elementor-section-boxed elementor-section-height-default elementor-section-height-default\" data-id=\"933adef\" data-element_type=\"section\" data-e-type=\"section\">\n\t\t\t\t\t\t<div class=\"elementor-container elementor-column-gap-default\">\n\t\t\t\t\t<div class=\"elementor-column elementor-col-100 elementor-top-column elementor-element elementor-element-d581cee\" data-id=\"d581cee\" data-element_type=\"column\" data-e-type=\"column\">\n\t\t\t<div class=\"elementor-widget-wrap elementor-element-populated\">\n\t\t\t\t\t\t<div class=\"elementor-element elementor-element-9b8f51f elementor-widget elementor-widget-text-editor\" data-id=\"9b8f51f\" data-element_type=\"widget\" data-e-type=\"widget\" data-widget_type=\"text-editor.default\">\n\t\t\t\t<div class=\"elementor-widget-container\">\n\t\t\t\t\t\t\t\t\t<p><span style=\"color: #000000;\">En la Resoluci\u00f3n Miscel\u00e1nea Fiscal del 2024 se elimin\u00f3 la compensaci\u00f3n universal de saldos a favor generados hasta el ejercicio 2018 ya que se contaba con fecha l\u00edmite del 17 de enero del 2024 para aplicar la compensaci\u00f3n universal; esto significa que los<\/span> <span style=\"color: #000000;\">contribuyentes ya no podr\u00e1n aplicar estos saldos a favor para compensar otros impuestos federales.<\/span><\/p><p><span style=\"color: #000000;\">Actualmente, solo existe la compensaci\u00f3n de saldos a favor contra saldos a cargo del mismo impuesto, de la siguiente manera:<\/span><\/p>\t\t\t\t\t\t\t\t<\/div>\n\t\t\t\t<\/div>\n\t\t\t\t\t<\/div>\n\t\t<\/div>\n\t\t\t\t\t<\/div>\n\t\t<\/section>\n\t\t\t\t<section class=\"elementor-section elementor-top-section elementor-element elementor-element-a1bfe10 elementor-section-boxed elementor-section-height-default elementor-section-height-default\" data-id=\"a1bfe10\" data-element_type=\"section\" data-e-type=\"section\">\n\t\t\t\t\t\t<div class=\"elementor-container elementor-column-gap-default\">\n\t\t\t\t\t<div class=\"elementor-column elementor-col-100 elementor-top-column elementor-element elementor-element-d2de049\" data-id=\"d2de049\" data-element_type=\"column\" data-e-type=\"column\">\n\t\t\t<div class=\"elementor-widget-wrap elementor-element-populated\">\n\t\t\t\t\t\t<div class=\"elementor-element elementor-element-6e1dccb elementor-widget elementor-widget-image\" data-id=\"6e1dccb\" data-element_type=\"widget\" data-e-type=\"widget\" data-widget_type=\"image.default\">\n\t\t\t\t<div class=\"elementor-widget-container\">\n\t\t\t\t\t\t\t\t\t\t\t\t<figure class=\"wp-caption\">\n\t\t\t\t\t\t\t\t\t\t<img decoding=\"async\" width=\"751\" height=\"209\" src=\"https:\/\/www3.facturehoy.com\/wp-content\/uploads\/2024\/10\/Captura-de-pantalla-2024-10-09-175531.png\" class=\"attachment-large size-large wp-image-47223\" alt=\"tabla donde se muestra gr\u00e1ficamente la compensaci\u00f3n de saldos a favor contra saldos a cargo del mismo impuesto.\" srcset=\"https:\/\/www3.facturehoy.com\/wp-content\/uploads\/2024\/10\/Captura-de-pantalla-2024-10-09-175531.png 751w, https:\/\/www3.facturehoy.com\/wp-content\/uploads\/2024\/10\/Captura-de-pantalla-2024-10-09-175531-300x83.png 300w, https:\/\/www3.facturehoy.com\/wp-content\/uploads\/2024\/10\/Captura-de-pantalla-2024-10-09-175531-705x196.png 705w\" sizes=\"(max-width: 751px) 100vw, 751px\" \/>\t\t\t\t\t\t\t\t\t\t\t<figcaption class=\"widget-image-caption wp-caption-text\">(1)\tSolo aplica compensaci\u00f3n cuando el saldo a favor se trate de un pago indebido<\/figcaption>\n\t\t\t\t\t\t\t\t\t\t<\/figure>\n\t\t\t\t\t\t\t\t\t<\/div>\n\t\t\t\t<\/div>\n\t\t\t\t\t<\/div>\n\t\t<\/div>\n\t\t\t\t\t<\/div>\n\t\t<\/section>\n\t\t\t\t<section class=\"elementor-section elementor-top-section elementor-element elementor-element-322989f elementor-section-boxed elementor-section-height-default elementor-section-height-default\" data-id=\"322989f\" data-element_type=\"section\" data-e-type=\"section\">\n\t\t\t\t\t\t<div class=\"elementor-container elementor-column-gap-default\">\n\t\t\t\t\t<div class=\"elementor-column elementor-col-100 elementor-top-column elementor-element elementor-element-64e248a\" data-id=\"64e248a\" data-element_type=\"column\" data-e-type=\"column\">\n\t\t\t<div class=\"elementor-widget-wrap elementor-element-populated\">\n\t\t\t\t\t\t<div class=\"elementor-element elementor-element-62e205f elementor-widget elementor-widget-text-editor\" data-id=\"62e205f\" data-element_type=\"widget\" data-e-type=\"widget\" data-widget_type=\"text-editor.default\">\n\t\t\t\t<div class=\"elementor-widget-container\">\n\t\t\t\t\t\t\t\t\t<p><span style=\"color: #000000;\">Recordando que el saldo a favor de IVA propio se aplica contra el mismo IVA propio que surge a pagar posteriormente y a esta acci\u00f3n se le llama acreditamiento.<\/span><\/p>\n<p><span style=\"color: #000000;\">Ante las pocas opciones de como recuperar un saldo a favor, recuerda que siempre existe la opci\u00f3n de la devoluci\u00f3n, ases\u00f3rate correctamente y solicita tu saldo a favor, se podr\u00e1 solicitar la devoluci\u00f3n de impuestos dentro de los 5 a\u00f1os siguientes a la fecha en que se tenga la obligaci\u00f3n de presentar la declaraci\u00f3n de impuestos correspondiente.<\/span><\/p>\n<p><span style=\"color: #000000;\">Recuerda siempre cumplir con tus obligaciones fiscales, nosotros te ayudaremos a que est\u00e9s m\u00e1s informado. Tambi\u00e9n contamos con el mejor sistema de facturaci\u00f3n, pregunta por nuestros servicios y paquetes.<\/span><\/p>\n<blockquote>\n<h2>Bibliograf\u00eda<\/h2>\n<h6><span style=\"font-weight: normal;\"><em><span style=\"color: #808080;\">M\u00e9xico, G. d. (13 de octubre de 2016). Compensaci\u00f3n universal de saldos a favor. Obtenido de<\/span><\/em> <span style=\"color: #3366ff;\">https:\/\/bit.ly\/4dBbVgF<\/span><\/span><\/h6>\n<\/blockquote>\t\t\t\t\t\t\t\t<\/div>\n\t\t\t\t<\/div>\n\t\t\t\t<div class=\"elementor-element elementor-element-2451744 elementor-widget elementor-widget-author-box\" data-id=\"2451744\" data-element_type=\"widget\" data-e-type=\"widget\" data-widget_type=\"author-box.default\">\n\t\t\t\t<div class=\"elementor-widget-container\">\n\t\t\t\t\t\t\t<div class=\"elementor-author-box\">\n\t\t\t\t\t\t\t<div  class=\"elementor-author-box__avatar\">\n\t\t\t\t\t<img decoding=\"async\" src=\"https:\/\/www3.facturehoy.com\/wp-content\/uploads\/2024\/08\/Michel-Aguilar-297x300.jpeg\" alt=\"Imagen de Michel Aguilar\" loading=\"lazy\">\n\t\t\t\t<\/div>\n\t\t\t\n\t\t\t<div class=\"elementor-author-box__text\">\n\t\t\t\t\t\t\t\t\t<div >\n\t\t\t\t\t\t<h4 class=\"elementor-author-box__name\">\n\t\t\t\t\t\t\tMichel Aguilar\t\t\t\t\t\t<\/h4>\n\t\t\t\t\t<\/div>\n\t\t\t\t\n\t\t\t\t\n\t\t\t\t\t\t\t<\/div>\n\t\t<\/div>\n\t\t\t\t\t\t<\/div>\n\t\t\t\t<\/div>\n\t\t\t\t\t<\/div>\n\t\t<\/div>\n\t\t\t\t\t<\/div>\n\t\t<\/section>\n\t\t\t\t<\/div>\n\t\t","protected":false},"excerpt":{"rendered":"<p>El t\u00e9rmino \u201ccompensaci\u00f3n universal\u201d ha sido utilizado principalmente en el \u00e1mbito fiscal. Espec\u00edficamente, se refiere a una disposici\u00f3n dentro del sistema tributario mexicano que permit\u00eda a las personas f\u00edsicas y morales (empresas) compensar sus impuestos a favor en contra de sus obligaciones fiscales que resultaban a pagar<\/p>\n","protected":false},"author":888,"featured_media":47221,"comment_status":"closed","ping_status":"closed","sticky":false,"template":"","format":"standard","meta":{"content-type":"","om_disable_all_campaigns":false,"_uf_show_specific_survey":0,"_uf_disable_surveys":false,"_joinchat":[],"footnotes":""},"categories":[3],"tags":[6622,6591,55],"class_list":["post-47219","post","type-post","status-publish","format-standard","has-post-thumbnail","hentry","category-noticias","tag-impuestos","tag-isr","tag-sat"],"yoast_head":"<!-- This site is optimized with the Yoast SEO plugin v27.5 - https:\/\/yoast.com\/product\/yoast-seo-wordpress\/ -->\n<title>\u00bfDesapareci\u00f3 la compensaci\u00f3n? - FactureHoy<\/title>\n<meta name=\"description\" content=\"Compensaci\u00f3n universal, una disposici\u00f3n dentro del sistema tributario mexicano que permit\u00eda a las personas f\u00edsicas y morales compensar sus impuestos a favor\" \/>\n<meta name=\"robots\" content=\"index, follow, max-snippet:-1, max-image-preview:large, max-video-preview:-1\" \/>\n<link rel=\"canonical\" href=\"https:\/\/www3.facturehoy.com\/home\/desaparecio-la-compensacion\/\" \/>\n<meta property=\"og:locale\" content=\"es_ES\" \/>\n<meta property=\"og:type\" content=\"article\" \/>\n<meta property=\"og:title\" content=\"\u00bfDesapareci\u00f3 la compensaci\u00f3n? - FactureHoy\" \/>\n<meta property=\"og:description\" content=\"Compensaci\u00f3n universal, una disposici\u00f3n dentro del sistema tributario mexicano que permit\u00eda a las personas f\u00edsicas y morales compensar sus impuestos a favor\" \/>\n<meta property=\"og:url\" content=\"https:\/\/www3.facturehoy.com\/home\/desaparecio-la-compensacion\/\" \/>\n<meta property=\"og:site_name\" content=\"FactureHoy\" \/>\n<meta property=\"article:publisher\" content=\"https:\/\/www.facebook.com\/facturehoy\" \/>\n<meta property=\"article:published_time\" content=\"2024-10-09T23:44:56+00:00\" \/>\n<meta property=\"article:modified_time\" content=\"2024-10-10T00:18:04+00:00\" \/>\n<meta property=\"og:image\" content=\"https:\/\/www3.facturehoy.com\/wp-content\/uploads\/2024\/10\/Desapareciolacompensacion.jpg\" \/>\n\t<meta property=\"og:image:width\" content=\"1920\" \/>\n\t<meta property=\"og:image:height\" content=\"1080\" \/>\n\t<meta property=\"og:image:type\" content=\"image\/jpeg\" \/>\n<meta name=\"author\" content=\"Viridiana Parra Trejo\" \/>\n<meta name=\"twitter:card\" content=\"summary_large_image\" \/>\n<meta name=\"twitter:creator\" content=\"@FactureHoy\" \/>\n<meta name=\"twitter:site\" content=\"@FactureHoy\" \/>\n<meta name=\"twitter:label1\" content=\"Escrito por\" \/>\n\t<meta name=\"twitter:data1\" content=\"Viridiana Parra Trejo\" \/>\n\t<meta name=\"twitter:label2\" content=\"Tiempo de lectura\" \/>\n\t<meta name=\"twitter:data2\" content=\"2 minutos\" \/>\n<script type=\"application\/ld+json\" class=\"yoast-schema-graph\">{\"@context\":\"https:\\\/\\\/schema.org\",\"@graph\":[{\"@type\":\"Article\",\"@id\":\"https:\\\/\\\/www3.facturehoy.com\\\/home\\\/desaparecio-la-compensacion\\\/#article\",\"isPartOf\":{\"@id\":\"https:\\\/\\\/www3.facturehoy.com\\\/home\\\/desaparecio-la-compensacion\\\/\"},\"author\":{\"name\":\"Viridiana Parra Trejo\",\"@id\":\"https:\\\/\\\/www3.facturehoy.com\\\/home\\\/#\\\/schema\\\/person\\\/59ab2d93910fb99bf28462ebea3c325d\"},\"headline\":\"\u00bfDesapareci\u00f3 la compensaci\u00f3n?\",\"datePublished\":\"2024-10-09T23:44:56+00:00\",\"dateModified\":\"2024-10-10T00:18:04+00:00\",\"mainEntityOfPage\":{\"@id\":\"https:\\\/\\\/www3.facturehoy.com\\\/home\\\/desaparecio-la-compensacion\\\/\"},\"wordCount\":307,\"publisher\":{\"@id\":\"https:\\\/\\\/www3.facturehoy.com\\\/home\\\/#organization\"},\"image\":{\"@id\":\"https:\\\/\\\/www3.facturehoy.com\\\/home\\\/desaparecio-la-compensacion\\\/#primaryimage\"},\"thumbnailUrl\":\"https:\\\/\\\/www3.facturehoy.com\\\/wp-content\\\/uploads\\\/2024\\\/10\\\/Desapareciolacompensacion.jpg\",\"keywords\":[\"impuestos\",\"ISR\",\"SAT\"],\"articleSection\":[\"Noticias\"],\"inLanguage\":\"es\"},{\"@type\":\"WebPage\",\"@id\":\"https:\\\/\\\/www3.facturehoy.com\\\/home\\\/desaparecio-la-compensacion\\\/\",\"url\":\"https:\\\/\\\/www3.facturehoy.com\\\/home\\\/desaparecio-la-compensacion\\\/\",\"name\":\"\u00bfDesapareci\u00f3 la compensaci\u00f3n? - FactureHoy\",\"isPartOf\":{\"@id\":\"https:\\\/\\\/www3.facturehoy.com\\\/home\\\/#website\"},\"primaryImageOfPage\":{\"@id\":\"https:\\\/\\\/www3.facturehoy.com\\\/home\\\/desaparecio-la-compensacion\\\/#primaryimage\"},\"image\":{\"@id\":\"https:\\\/\\\/www3.facturehoy.com\\\/home\\\/desaparecio-la-compensacion\\\/#primaryimage\"},\"thumbnailUrl\":\"https:\\\/\\\/www3.facturehoy.com\\\/wp-content\\\/uploads\\\/2024\\\/10\\\/Desapareciolacompensacion.jpg\",\"datePublished\":\"2024-10-09T23:44:56+00:00\",\"dateModified\":\"2024-10-10T00:18:04+00:00\",\"description\":\"Compensaci\u00f3n universal, una disposici\u00f3n dentro del sistema tributario mexicano que permit\u00eda a las personas f\u00edsicas y morales compensar sus impuestos a favor\",\"breadcrumb\":{\"@id\":\"https:\\\/\\\/www3.facturehoy.com\\\/home\\\/desaparecio-la-compensacion\\\/#breadcrumb\"},\"inLanguage\":\"es\",\"potentialAction\":[{\"@type\":\"ReadAction\",\"target\":[\"https:\\\/\\\/www3.facturehoy.com\\\/home\\\/desaparecio-la-compensacion\\\/\"]}]},{\"@type\":\"ImageObject\",\"inLanguage\":\"es\",\"@id\":\"https:\\\/\\\/www3.facturehoy.com\\\/home\\\/desaparecio-la-compensacion\\\/#primaryimage\",\"url\":\"https:\\\/\\\/www3.facturehoy.com\\\/wp-content\\\/uploads\\\/2024\\\/10\\\/Desapareciolacompensacion.jpg\",\"contentUrl\":\"https:\\\/\\\/www3.facturehoy.com\\\/wp-content\\\/uploads\\\/2024\\\/10\\\/Desapareciolacompensacion.jpg\",\"width\":1920,\"height\":1080,\"caption\":\"Imagen de una persona haciendo cuentas para cumplir con sus obligaciones fiscales.\"},{\"@type\":\"BreadcrumbList\",\"@id\":\"https:\\\/\\\/www3.facturehoy.com\\\/home\\\/desaparecio-la-compensacion\\\/#breadcrumb\",\"itemListElement\":[{\"@type\":\"ListItem\",\"position\":1,\"name\":\"Portada\",\"item\":\"https:\\\/\\\/www3.facturehoy.com\\\/home\\\/home\\\/\"},{\"@type\":\"ListItem\",\"position\":2,\"name\":\"\u00bfDesapareci\u00f3 la compensaci\u00f3n?\"}]},{\"@type\":\"WebSite\",\"@id\":\"https:\\\/\\\/www3.facturehoy.com\\\/home\\\/#website\",\"url\":\"https:\\\/\\\/www3.facturehoy.com\\\/home\\\/\",\"name\":\"FactureHoy\",\"description\":\"Facturar en L\u00ednea\",\"publisher\":{\"@id\":\"https:\\\/\\\/www3.facturehoy.com\\\/home\\\/#organization\"},\"potentialAction\":[{\"@type\":\"SearchAction\",\"target\":{\"@type\":\"EntryPoint\",\"urlTemplate\":\"https:\\\/\\\/www3.facturehoy.com\\\/home\\\/?s={search_term_string}\"},\"query-input\":{\"@type\":\"PropertyValueSpecification\",\"valueRequired\":true,\"valueName\":\"search_term_string\"}}],\"inLanguage\":\"es\"},{\"@type\":\"Organization\",\"@id\":\"https:\\\/\\\/www3.facturehoy.com\\\/home\\\/#organization\",\"name\":\"FactureHoy\",\"url\":\"https:\\\/\\\/www3.facturehoy.com\\\/home\\\/\",\"logo\":{\"@type\":\"ImageObject\",\"inLanguage\":\"es\",\"@id\":\"https:\\\/\\\/www3.facturehoy.com\\\/home\\\/#\\\/schema\\\/logo\\\/image\\\/\",\"url\":\"https:\\\/\\\/www3.facturehoy.com\\\/wp-content\\\/uploads\\\/2019\\\/06\\\/NUEVO-PAGINA-LOGO-Recuperado.png\",\"contentUrl\":\"https:\\\/\\\/www3.facturehoy.com\\\/wp-content\\\/uploads\\\/2019\\\/06\\\/NUEVO-PAGINA-LOGO-Recuperado.png\",\"width\":300,\"height\":250,\"caption\":\"FactureHoy\"},\"image\":{\"@id\":\"https:\\\/\\\/www3.facturehoy.com\\\/home\\\/#\\\/schema\\\/logo\\\/image\\\/\"},\"sameAs\":[\"https:\\\/\\\/www.facebook.com\\\/facturehoy\",\"https:\\\/\\\/x.com\\\/FactureHoy\",\"https:\\\/\\\/www.linkedin.com\\\/company\\\/certus-facturehoy\"]},{\"@type\":\"Person\",\"@id\":\"https:\\\/\\\/www3.facturehoy.com\\\/home\\\/#\\\/schema\\\/person\\\/59ab2d93910fb99bf28462ebea3c325d\",\"name\":\"Viridiana Parra Trejo\",\"image\":{\"@type\":\"ImageObject\",\"inLanguage\":\"es\",\"@id\":\"https:\\\/\\\/secure.gravatar.com\\\/avatar\\\/af1c46d464c1ab2bc43e77747d58357f8cb6efda1ee31fca143a855c3b59a12b?s=96&d=mm&r=g\",\"url\":\"https:\\\/\\\/secure.gravatar.com\\\/avatar\\\/af1c46d464c1ab2bc43e77747d58357f8cb6efda1ee31fca143a855c3b59a12b?s=96&d=mm&r=g\",\"contentUrl\":\"https:\\\/\\\/secure.gravatar.com\\\/avatar\\\/af1c46d464c1ab2bc43e77747d58357f8cb6efda1ee31fca143a855c3b59a12b?s=96&d=mm&r=g\",\"caption\":\"Viridiana Parra Trejo\"},\"url\":\"https:\\\/\\\/www3.facturehoy.com\\\/home\\\/author\\\/v-parra\\\/\"}]}<\/script>\n<!-- \/ Yoast SEO plugin. -->","yoast_head_json":{"title":"\u00bfDesapareci\u00f3 la compensaci\u00f3n? - FactureHoy","description":"Compensaci\u00f3n universal, una disposici\u00f3n dentro del sistema tributario mexicano que permit\u00eda a las personas f\u00edsicas y morales compensar sus impuestos a favor","robots":{"index":"index","follow":"follow","max-snippet":"max-snippet:-1","max-image-preview":"max-image-preview:large","max-video-preview":"max-video-preview:-1"},"canonical":"https:\/\/www3.facturehoy.com\/home\/desaparecio-la-compensacion\/","og_locale":"es_ES","og_type":"article","og_title":"\u00bfDesapareci\u00f3 la compensaci\u00f3n? - FactureHoy","og_description":"Compensaci\u00f3n universal, una disposici\u00f3n dentro del sistema tributario mexicano que permit\u00eda a las personas f\u00edsicas y morales compensar sus impuestos a favor","og_url":"https:\/\/www3.facturehoy.com\/home\/desaparecio-la-compensacion\/","og_site_name":"FactureHoy","article_publisher":"https:\/\/www.facebook.com\/facturehoy","article_published_time":"2024-10-09T23:44:56+00:00","article_modified_time":"2024-10-10T00:18:04+00:00","og_image":[{"width":1920,"height":1080,"url":"https:\/\/www3.facturehoy.com\/wp-content\/uploads\/2024\/10\/Desapareciolacompensacion.jpg","type":"image\/jpeg"}],"author":"Viridiana Parra Trejo","twitter_card":"summary_large_image","twitter_creator":"@FactureHoy","twitter_site":"@FactureHoy","twitter_misc":{"Escrito por":"Viridiana Parra Trejo","Tiempo de lectura":"2 minutos"},"schema":{"@context":"https:\/\/schema.org","@graph":[{"@type":"Article","@id":"https:\/\/www3.facturehoy.com\/home\/desaparecio-la-compensacion\/#article","isPartOf":{"@id":"https:\/\/www3.facturehoy.com\/home\/desaparecio-la-compensacion\/"},"author":{"name":"Viridiana Parra Trejo","@id":"https:\/\/www3.facturehoy.com\/home\/#\/schema\/person\/59ab2d93910fb99bf28462ebea3c325d"},"headline":"\u00bfDesapareci\u00f3 la compensaci\u00f3n?","datePublished":"2024-10-09T23:44:56+00:00","dateModified":"2024-10-10T00:18:04+00:00","mainEntityOfPage":{"@id":"https:\/\/www3.facturehoy.com\/home\/desaparecio-la-compensacion\/"},"wordCount":307,"publisher":{"@id":"https:\/\/www3.facturehoy.com\/home\/#organization"},"image":{"@id":"https:\/\/www3.facturehoy.com\/home\/desaparecio-la-compensacion\/#primaryimage"},"thumbnailUrl":"https:\/\/www3.facturehoy.com\/wp-content\/uploads\/2024\/10\/Desapareciolacompensacion.jpg","keywords":["impuestos","ISR","SAT"],"articleSection":["Noticias"],"inLanguage":"es"},{"@type":"WebPage","@id":"https:\/\/www3.facturehoy.com\/home\/desaparecio-la-compensacion\/","url":"https:\/\/www3.facturehoy.com\/home\/desaparecio-la-compensacion\/","name":"\u00bfDesapareci\u00f3 la compensaci\u00f3n? - FactureHoy","isPartOf":{"@id":"https:\/\/www3.facturehoy.com\/home\/#website"},"primaryImageOfPage":{"@id":"https:\/\/www3.facturehoy.com\/home\/desaparecio-la-compensacion\/#primaryimage"},"image":{"@id":"https:\/\/www3.facturehoy.com\/home\/desaparecio-la-compensacion\/#primaryimage"},"thumbnailUrl":"https:\/\/www3.facturehoy.com\/wp-content\/uploads\/2024\/10\/Desapareciolacompensacion.jpg","datePublished":"2024-10-09T23:44:56+00:00","dateModified":"2024-10-10T00:18:04+00:00","description":"Compensaci\u00f3n universal, una disposici\u00f3n dentro del sistema tributario mexicano que permit\u00eda a las personas f\u00edsicas y morales compensar sus impuestos a favor","breadcrumb":{"@id":"https:\/\/www3.facturehoy.com\/home\/desaparecio-la-compensacion\/#breadcrumb"},"inLanguage":"es","potentialAction":[{"@type":"ReadAction","target":["https:\/\/www3.facturehoy.com\/home\/desaparecio-la-compensacion\/"]}]},{"@type":"ImageObject","inLanguage":"es","@id":"https:\/\/www3.facturehoy.com\/home\/desaparecio-la-compensacion\/#primaryimage","url":"https:\/\/www3.facturehoy.com\/wp-content\/uploads\/2024\/10\/Desapareciolacompensacion.jpg","contentUrl":"https:\/\/www3.facturehoy.com\/wp-content\/uploads\/2024\/10\/Desapareciolacompensacion.jpg","width":1920,"height":1080,"caption":"Imagen de una persona haciendo cuentas para cumplir con sus obligaciones fiscales."},{"@type":"BreadcrumbList","@id":"https:\/\/www3.facturehoy.com\/home\/desaparecio-la-compensacion\/#breadcrumb","itemListElement":[{"@type":"ListItem","position":1,"name":"Portada","item":"https:\/\/www3.facturehoy.com\/home\/home\/"},{"@type":"ListItem","position":2,"name":"\u00bfDesapareci\u00f3 la compensaci\u00f3n?"}]},{"@type":"WebSite","@id":"https:\/\/www3.facturehoy.com\/home\/#website","url":"https:\/\/www3.facturehoy.com\/home\/","name":"FactureHoy","description":"Facturar en L\u00ednea","publisher":{"@id":"https:\/\/www3.facturehoy.com\/home\/#organization"},"potentialAction":[{"@type":"SearchAction","target":{"@type":"EntryPoint","urlTemplate":"https:\/\/www3.facturehoy.com\/home\/?s={search_term_string}"},"query-input":{"@type":"PropertyValueSpecification","valueRequired":true,"valueName":"search_term_string"}}],"inLanguage":"es"},{"@type":"Organization","@id":"https:\/\/www3.facturehoy.com\/home\/#organization","name":"FactureHoy","url":"https:\/\/www3.facturehoy.com\/home\/","logo":{"@type":"ImageObject","inLanguage":"es","@id":"https:\/\/www3.facturehoy.com\/home\/#\/schema\/logo\/image\/","url":"https:\/\/www3.facturehoy.com\/wp-content\/uploads\/2019\/06\/NUEVO-PAGINA-LOGO-Recuperado.png","contentUrl":"https:\/\/www3.facturehoy.com\/wp-content\/uploads\/2019\/06\/NUEVO-PAGINA-LOGO-Recuperado.png","width":300,"height":250,"caption":"FactureHoy"},"image":{"@id":"https:\/\/www3.facturehoy.com\/home\/#\/schema\/logo\/image\/"},"sameAs":["https:\/\/www.facebook.com\/facturehoy","https:\/\/x.com\/FactureHoy","https:\/\/www.linkedin.com\/company\/certus-facturehoy"]},{"@type":"Person","@id":"https:\/\/www3.facturehoy.com\/home\/#\/schema\/person\/59ab2d93910fb99bf28462ebea3c325d","name":"Viridiana Parra Trejo","image":{"@type":"ImageObject","inLanguage":"es","@id":"https:\/\/secure.gravatar.com\/avatar\/af1c46d464c1ab2bc43e77747d58357f8cb6efda1ee31fca143a855c3b59a12b?s=96&d=mm&r=g","url":"https:\/\/secure.gravatar.com\/avatar\/af1c46d464c1ab2bc43e77747d58357f8cb6efda1ee31fca143a855c3b59a12b?s=96&d=mm&r=g","contentUrl":"https:\/\/secure.gravatar.com\/avatar\/af1c46d464c1ab2bc43e77747d58357f8cb6efda1ee31fca143a855c3b59a12b?s=96&d=mm&r=g","caption":"Viridiana Parra Trejo"},"url":"https:\/\/www3.facturehoy.com\/home\/author\/v-parra\/"}]}},"rttpg_featured_image_url":{"full":["https:\/\/www3.facturehoy.com\/wp-content\/uploads\/2024\/10\/Desapareciolacompensacion.jpg",1920,1080,false],"landscape":["https:\/\/www3.facturehoy.com\/wp-content\/uploads\/2024\/10\/Desapareciolacompensacion.jpg",1920,1080,false],"portraits":["https:\/\/www3.facturehoy.com\/wp-content\/uploads\/2024\/10\/Desapareciolacompensacion.jpg",1920,1080,false],"thumbnail":["https:\/\/www3.facturehoy.com\/wp-content\/uploads\/2024\/10\/Desapareciolacompensacion-80x80.jpg",80,80,true],"medium":["https:\/\/www3.facturehoy.com\/wp-content\/uploads\/2024\/10\/Desapareciolacompensacion-300x169.jpg",300,169,true],"large":["https:\/\/www3.facturehoy.com\/wp-content\/uploads\/2024\/10\/Desapareciolacompensacion-1030x579.jpg",1030,579,true],"1536x1536":["https:\/\/www3.facturehoy.com\/wp-content\/uploads\/2024\/10\/Desapareciolacompensacion-1536x864.jpg",1536,864,true],"2048x2048":["https:\/\/www3.facturehoy.com\/wp-content\/uploads\/2024\/10\/Desapareciolacompensacion.jpg",1920,1080,false],"widget":["https:\/\/www3.facturehoy.com\/wp-content\/uploads\/2024\/10\/Desapareciolacompensacion-36x36.jpg",36,36,true],"square":["https:\/\/www3.facturehoy.com\/wp-content\/uploads\/2024\/10\/Desapareciolacompensacion-180x180.jpg",180,180,true],"featured":["https:\/\/www3.facturehoy.com\/wp-content\/uploads\/2024\/10\/Desapareciolacompensacion-1500x430.jpg",1500,430,true],"featured_large":["https:\/\/www3.facturehoy.com\/wp-content\/uploads\/2024\/10\/Desapareciolacompensacion-1500x630.jpg",1500,630,true],"extra_large":["https:\/\/www3.facturehoy.com\/wp-content\/uploads\/2024\/10\/Desapareciolacompensacion-1500x844.jpg",1500,844,true],"portfolio":["https:\/\/www3.facturehoy.com\/wp-content\/uploads\/2024\/10\/Desapareciolacompensacion-495x400.jpg",495,400,true],"portfolio_small":["https:\/\/www3.facturehoy.com\/wp-content\/uploads\/2024\/10\/Desapareciolacompensacion-260x185.jpg",260,185,true],"gallery":["https:\/\/www3.facturehoy.com\/wp-content\/uploads\/2024\/10\/Desapareciolacompensacion-845x684.jpg",845,684,true],"magazine":["https:\/\/www3.facturehoy.com\/wp-content\/uploads\/2024\/10\/Desapareciolacompensacion-710x375.jpg",710,375,true],"masonry":["https:\/\/www3.facturehoy.com\/wp-content\/uploads\/2024\/10\/Desapareciolacompensacion-705x397.jpg",705,397,true],"entry_with_sidebar":["https:\/\/www3.facturehoy.com\/wp-content\/uploads\/2024\/10\/Desapareciolacompensacion-845x321.jpg",845,321,true],"entry_without_sidebar":["https:\/\/www3.facturehoy.com\/wp-content\/uploads\/2024\/10\/Desapareciolacompensacion-1210x423.jpg",1210,423,true]},"rttpg_author":{"display_name":"Viridiana Parra Trejo","author_link":"https:\/\/www3.facturehoy.com\/home\/author\/v-parra\/"},"rttpg_comment":0,"rttpg_category":"<a href=\"https:\/\/www3.facturehoy.com\/home\/category\/noticias\/\" rel=\"category tag\">Noticias<\/a>","rttpg_excerpt":"El t\u00e9rmino \u201ccompensaci\u00f3n universal\u201d ha sido utilizado principalmente en el \u00e1mbito fiscal. Espec\u00edficamente, se refiere a una disposici\u00f3n dentro del sistema tributario mexicano que permit\u00eda a las personas f\u00edsicas y morales (empresas) compensar sus impuestos a favor en contra de sus obligaciones fiscales que resultaban a pagar","_links":{"self":[{"href":"https:\/\/www3.facturehoy.com\/home\/wp-json\/wp\/v2\/posts\/47219","targetHints":{"allow":["GET"]}}],"collection":[{"href":"https:\/\/www3.facturehoy.com\/home\/wp-json\/wp\/v2\/posts"}],"about":[{"href":"https:\/\/www3.facturehoy.com\/home\/wp-json\/wp\/v2\/types\/post"}],"author":[{"embeddable":true,"href":"https:\/\/www3.facturehoy.com\/home\/wp-json\/wp\/v2\/users\/888"}],"replies":[{"embeddable":true,"href":"https:\/\/www3.facturehoy.com\/home\/wp-json\/wp\/v2\/comments?post=47219"}],"version-history":[{"count":1,"href":"https:\/\/www3.facturehoy.com\/home\/wp-json\/wp\/v2\/posts\/47219\/revisions"}],"predecessor-version":[{"id":47226,"href":"https:\/\/www3.facturehoy.com\/home\/wp-json\/wp\/v2\/posts\/47219\/revisions\/47226"}],"wp:featuredmedia":[{"embeddable":true,"href":"https:\/\/www3.facturehoy.com\/home\/wp-json\/wp\/v2\/media\/47221"}],"wp:attachment":[{"href":"https:\/\/www3.facturehoy.com\/home\/wp-json\/wp\/v2\/media?parent=47219"}],"wp:term":[{"taxonomy":"category","embeddable":true,"href":"https:\/\/www3.facturehoy.com\/home\/wp-json\/wp\/v2\/categories?post=47219"},{"taxonomy":"post_tag","embeddable":true,"href":"https:\/\/www3.facturehoy.com\/home\/wp-json\/wp\/v2\/tags?post=47219"}],"curies":[{"name":"wp","href":"https:\/\/api.w.org\/{rel}","templated":true}]}}