{"id":47909,"date":"2026-01-21T13:24:12","date_gmt":"2026-01-21T19:24:12","guid":{"rendered":"https:\/\/www3.facturehoy.com\/home\/?p=47909"},"modified":"2026-01-21T15:46:01","modified_gmt":"2026-01-21T21:46:01","slug":"menos-horas-mismo-sueldo","status":"publish","type":"post","link":"https:\/\/www3.facturehoy.com\/home\/menos-horas-mismo-sueldo\/","title":{"rendered":"Menos horas, mismo sueldo en M\u00e9xico"},"content":{"rendered":"\t\t<div data-elementor-type=\"wp-post\" data-elementor-id=\"47909\" class=\"elementor elementor-47909\" data-elementor-post-type=\"post\">\n\t\t\t\t\t\t<section class=\"elementor-section elementor-top-section elementor-element elementor-element-9a1f36b elementor-section-boxed elementor-section-height-default elementor-section-height-default\" data-id=\"9a1f36b\" data-element_type=\"section\" data-e-type=\"section\">\n\t\t\t\t\t\t<div class=\"elementor-container elementor-column-gap-default\">\n\t\t\t\t\t<div class=\"elementor-column elementor-col-100 elementor-top-column elementor-element elementor-element-25140a3\" data-id=\"25140a3\" data-element_type=\"column\" data-e-type=\"column\">\n\t\t\t<div class=\"elementor-widget-wrap elementor-element-populated\">\n\t\t\t\t\t\t<div class=\"elementor-element elementor-element-7f7e2cf elementor-widget elementor-widget-text-editor\" data-id=\"7f7e2cf\" data-element_type=\"widget\" data-e-type=\"widget\" data-widget_type=\"text-editor.default\">\n\t\t\t\t<div class=\"elementor-widget-container\">\n\t\t\t\t\t\t\t\t\t<p><span style=\"color: #000000;\">De acuerdo con los rankings de la <strong>OCDE<\/strong>, M\u00e9xico se sit\u00faa entre los pa\u00edses que m\u00e1s trabajan en horas anuales acompa\u00f1ado de Colombia y Costa Rica. <\/span><\/p>\n<p><span style=\"color: #000000;\">Actualmente para el 2026, la duraci\u00f3n m\u00e1xima de una jornada laboral es de 8 horas al d\u00eda por 6 d\u00edas con 1 d\u00eda de descanso dando un total de <strong>48 horas<\/strong> a la semana, 2,496 horas al a\u00f1o.<\/span><\/p>\n<p><span style=\"color: #000000;\">El <strong>03 de diciembre del 2025<\/strong>, la presidenta Claudia Sheinbaum anunci\u00f3 el proyecto de reforma que busca reducir dos horas por a\u00f1o a partir el 2027, para que en el 2030 la jornada laboral sea de <strong>40 horas<\/strong> a la semana, todo esto con la intenci\u00f3n de que el trabajador labore menos horas con el mismo salario.<\/span><\/p>\n<p><span style=\"color: #000000;\">Aparte de la reducci\u00f3n de horas de la jornada laboral, los otros cambios que se plantean en la reforma es ampliar la jornada extraordinaria de 9 a 12 horas a la semana de manera voluntaria, las cuales se podr\u00e1n distribuirse en hasta 4 horas diarias, en un m\u00e1ximo de 4 d\u00edas en ese periodo; se introduce la <strong>prohibici\u00f3n del trabajo de tiempo extra para menores de edad<\/strong> y se establece un tope m\u00e1ximo de 4 horas triples.<\/span><\/p>\n<p style=\"text-align: left;\"><span style=\"color: #000000;\">\u00a1Recuerda que cada semana se sube un tema relevante en las \u00e1reas contable y fiscal en el blog de FactureHoy!<\/span><\/p>\t\t\t\t\t\t\t\t<\/div>\n\t\t\t\t<\/div>\n\t\t\t\t\t<\/div>\n\t\t<\/div>\n\t\t\t\t\t<\/div>\n\t\t<\/section>\n\t\t\t\t<\/div>\n\t\t","protected":false},"excerpt":{"rendered":"<p>De acuerdo con los rankings de la OCDE, M\u00e9xico se sit\u00faa entre los pa\u00edses que m\u00e1s trabajan en horas anuales acompa\u00f1ado de Colombia y Costa Rica. Actualmente para el 2026, la duraci\u00f3n m\u00e1xima de una jornada laboral es de 8 horas al d\u00eda por 6 d\u00edas con 1 d\u00eda de descanso dando un total de [&hellip;]<\/p>\n","protected":false},"author":888,"featured_media":47910,"comment_status":"closed","ping_status":"closed","sticky":false,"template":"","format":"standard","meta":{"content-type":"","om_disable_all_campaigns":false,"_uf_show_specific_survey":0,"_uf_disable_surveys":false,"_joinchat":[],"footnotes":""},"categories":[3],"tags":[6726,6725,6728,6724,6727],"class_list":["post-47909","post","type-post","status-publish","format-standard","has-post-thumbnail","hentry","category-noticias","tag-horas-de-trabajo","tag-jornada-laboral","tag-mexico","tag-reforma-laboral","tag-salario"],"yoast_head":"<!-- This site is optimized with the Yoast SEO plugin v27.5 - https:\/\/yoast.com\/product\/yoast-seo-wordpress\/ -->\n<title>Menos horas, mismo sueldo en M\u00e9xico | FactureHoy<\/title>\n<meta name=\"description\" content=\"Descubre c\u00f3mo la reforma laboral en M\u00e9xico reducir\u00e1 horas de trabajo sin afectar el sueldo y qu\u00e9 cambios vienen para trabajadores y empresas.\" \/>\n<meta name=\"robots\" content=\"index, follow, max-snippet:-1, max-image-preview:large, max-video-preview:-1\" \/>\n<link rel=\"canonical\" href=\"https:\/\/www3.facturehoy.com\/home\/menos-horas-mismo-sueldo\/\" \/>\n<meta property=\"og:locale\" content=\"es_ES\" \/>\n<meta property=\"og:type\" content=\"article\" \/>\n<meta property=\"og:title\" content=\"Menos horas, mismo sueldo en M\u00e9xico | FactureHoy\" \/>\n<meta property=\"og:description\" content=\"Descubre c\u00f3mo la reforma laboral en M\u00e9xico reducir\u00e1 horas de trabajo sin afectar el sueldo y qu\u00e9 cambios vienen para trabajadores y empresas.\" \/>\n<meta property=\"og:url\" content=\"https:\/\/www3.facturehoy.com\/home\/menos-horas-mismo-sueldo\/\" \/>\n<meta property=\"og:site_name\" content=\"FactureHoy\" \/>\n<meta property=\"article:publisher\" content=\"https:\/\/www.facebook.com\/facturehoy\" \/>\n<meta property=\"article:published_time\" content=\"2026-01-21T19:24:12+00:00\" \/>\n<meta property=\"article:modified_time\" content=\"2026-01-21T21:46:01+00:00\" \/>\n<meta property=\"og:image\" content=\"https:\/\/www3.facturehoy.com\/wp-content\/uploads\/2026\/01\/menoshorasblog.jpg\" \/>\n\t<meta property=\"og:image:width\" content=\"1920\" \/>\n\t<meta property=\"og:image:height\" content=\"1080\" \/>\n\t<meta property=\"og:image:type\" content=\"image\/jpeg\" \/>\n<meta name=\"author\" content=\"Viridiana Parra Trejo\" \/>\n<meta name=\"twitter:card\" content=\"summary_large_image\" \/>\n<meta name=\"twitter:creator\" content=\"@FactureHoy\" \/>\n<meta name=\"twitter:site\" content=\"@FactureHoy\" \/>\n<meta name=\"twitter:label1\" content=\"Escrito por\" \/>\n\t<meta name=\"twitter:data1\" content=\"Viridiana Parra Trejo\" \/>\n\t<meta name=\"twitter:label2\" content=\"Tiempo de lectura\" \/>\n\t<meta name=\"twitter:data2\" content=\"1 minuto\" \/>\n<script type=\"application\/ld+json\" class=\"yoast-schema-graph\">{\"@context\":\"https:\\\/\\\/schema.org\",\"@graph\":[{\"@type\":\"Article\",\"@id\":\"https:\\\/\\\/www3.facturehoy.com\\\/home\\\/menos-horas-mismo-sueldo\\\/#article\",\"isPartOf\":{\"@id\":\"https:\\\/\\\/www3.facturehoy.com\\\/home\\\/menos-horas-mismo-sueldo\\\/\"},\"author\":{\"name\":\"Viridiana Parra Trejo\",\"@id\":\"https:\\\/\\\/www3.facturehoy.com\\\/home\\\/#\\\/schema\\\/person\\\/59ab2d93910fb99bf28462ebea3c325d\"},\"headline\":\"Menos horas, mismo sueldo en M\u00e9xico\",\"datePublished\":\"2026-01-21T19:24:12+00:00\",\"dateModified\":\"2026-01-21T21:46:01+00:00\",\"mainEntityOfPage\":{\"@id\":\"https:\\\/\\\/www3.facturehoy.com\\\/home\\\/menos-horas-mismo-sueldo\\\/\"},\"wordCount\":228,\"publisher\":{\"@id\":\"https:\\\/\\\/www3.facturehoy.com\\\/home\\\/#organization\"},\"image\":{\"@id\":\"https:\\\/\\\/www3.facturehoy.com\\\/home\\\/menos-horas-mismo-sueldo\\\/#primaryimage\"},\"thumbnailUrl\":\"https:\\\/\\\/www3.facturehoy.com\\\/wp-content\\\/uploads\\\/2026\\\/01\\\/menoshorasblog.webp\",\"keywords\":[\"horas de trabajo\",\"jornada laboral\",\"M\u00e9xico\",\"reforma laboral\",\"salario\"],\"articleSection\":[\"Noticias\"],\"inLanguage\":\"es\"},{\"@type\":\"WebPage\",\"@id\":\"https:\\\/\\\/www3.facturehoy.com\\\/home\\\/menos-horas-mismo-sueldo\\\/\",\"url\":\"https:\\\/\\\/www3.facturehoy.com\\\/home\\\/menos-horas-mismo-sueldo\\\/\",\"name\":\"Menos horas, mismo sueldo en M\u00e9xico | FactureHoy\",\"isPartOf\":{\"@id\":\"https:\\\/\\\/www3.facturehoy.com\\\/home\\\/#website\"},\"primaryImageOfPage\":{\"@id\":\"https:\\\/\\\/www3.facturehoy.com\\\/home\\\/menos-horas-mismo-sueldo\\\/#primaryimage\"},\"image\":{\"@id\":\"https:\\\/\\\/www3.facturehoy.com\\\/home\\\/menos-horas-mismo-sueldo\\\/#primaryimage\"},\"thumbnailUrl\":\"https:\\\/\\\/www3.facturehoy.com\\\/wp-content\\\/uploads\\\/2026\\\/01\\\/menoshorasblog.webp\",\"datePublished\":\"2026-01-21T19:24:12+00:00\",\"dateModified\":\"2026-01-21T21:46:01+00:00\",\"description\":\"Descubre c\u00f3mo la reforma laboral en M\u00e9xico reducir\u00e1 horas de trabajo sin afectar el sueldo y qu\u00e9 cambios vienen para trabajadores y empresas.\",\"breadcrumb\":{\"@id\":\"https:\\\/\\\/www3.facturehoy.com\\\/home\\\/menos-horas-mismo-sueldo\\\/#breadcrumb\"},\"inLanguage\":\"es\",\"potentialAction\":[{\"@type\":\"ReadAction\",\"target\":[\"https:\\\/\\\/www3.facturehoy.com\\\/home\\\/menos-horas-mismo-sueldo\\\/\"]}]},{\"@type\":\"ImageObject\",\"inLanguage\":\"es\",\"@id\":\"https:\\\/\\\/www3.facturehoy.com\\\/home\\\/menos-horas-mismo-sueldo\\\/#primaryimage\",\"url\":\"https:\\\/\\\/www3.facturehoy.com\\\/wp-content\\\/uploads\\\/2026\\\/01\\\/menoshorasblog.webp\",\"contentUrl\":\"https:\\\/\\\/www3.facturehoy.com\\\/wp-content\\\/uploads\\\/2026\\\/01\\\/menoshorasblog.webp\",\"width\":1920,\"height\":1080},{\"@type\":\"BreadcrumbList\",\"@id\":\"https:\\\/\\\/www3.facturehoy.com\\\/home\\\/menos-horas-mismo-sueldo\\\/#breadcrumb\",\"itemListElement\":[{\"@type\":\"ListItem\",\"position\":1,\"name\":\"Portada\",\"item\":\"https:\\\/\\\/www3.facturehoy.com\\\/home\\\/home\\\/\"},{\"@type\":\"ListItem\",\"position\":2,\"name\":\"Menos horas, mismo sueldo en M\u00e9xico\"}]},{\"@type\":\"WebSite\",\"@id\":\"https:\\\/\\\/www3.facturehoy.com\\\/home\\\/#website\",\"url\":\"https:\\\/\\\/www3.facturehoy.com\\\/home\\\/\",\"name\":\"FactureHoy\",\"description\":\"Facturar en L\u00ednea\",\"publisher\":{\"@id\":\"https:\\\/\\\/www3.facturehoy.com\\\/home\\\/#organization\"},\"potentialAction\":[{\"@type\":\"SearchAction\",\"target\":{\"@type\":\"EntryPoint\",\"urlTemplate\":\"https:\\\/\\\/www3.facturehoy.com\\\/home\\\/?s={search_term_string}\"},\"query-input\":{\"@type\":\"PropertyValueSpecification\",\"valueRequired\":true,\"valueName\":\"search_term_string\"}}],\"inLanguage\":\"es\"},{\"@type\":\"Organization\",\"@id\":\"https:\\\/\\\/www3.facturehoy.com\\\/home\\\/#organization\",\"name\":\"FactureHoy\",\"url\":\"https:\\\/\\\/www3.facturehoy.com\\\/home\\\/\",\"logo\":{\"@type\":\"ImageObject\",\"inLanguage\":\"es\",\"@id\":\"https:\\\/\\\/www3.facturehoy.com\\\/home\\\/#\\\/schema\\\/logo\\\/image\\\/\",\"url\":\"https:\\\/\\\/www3.facturehoy.com\\\/wp-content\\\/uploads\\\/2019\\\/06\\\/NUEVO-PAGINA-LOGO-Recuperado.png\",\"contentUrl\":\"https:\\\/\\\/www3.facturehoy.com\\\/wp-content\\\/uploads\\\/2019\\\/06\\\/NUEVO-PAGINA-LOGO-Recuperado.png\",\"width\":300,\"height\":250,\"caption\":\"FactureHoy\"},\"image\":{\"@id\":\"https:\\\/\\\/www3.facturehoy.com\\\/home\\\/#\\\/schema\\\/logo\\\/image\\\/\"},\"sameAs\":[\"https:\\\/\\\/www.facebook.com\\\/facturehoy\",\"https:\\\/\\\/x.com\\\/FactureHoy\",\"https:\\\/\\\/www.linkedin.com\\\/company\\\/certus-facturehoy\"]},{\"@type\":\"Person\",\"@id\":\"https:\\\/\\\/www3.facturehoy.com\\\/home\\\/#\\\/schema\\\/person\\\/59ab2d93910fb99bf28462ebea3c325d\",\"name\":\"Viridiana Parra Trejo\",\"image\":{\"@type\":\"ImageObject\",\"inLanguage\":\"es\",\"@id\":\"https:\\\/\\\/secure.gravatar.com\\\/avatar\\\/af1c46d464c1ab2bc43e77747d58357f8cb6efda1ee31fca143a855c3b59a12b?s=96&d=mm&r=g\",\"url\":\"https:\\\/\\\/secure.gravatar.com\\\/avatar\\\/af1c46d464c1ab2bc43e77747d58357f8cb6efda1ee31fca143a855c3b59a12b?s=96&d=mm&r=g\",\"contentUrl\":\"https:\\\/\\\/secure.gravatar.com\\\/avatar\\\/af1c46d464c1ab2bc43e77747d58357f8cb6efda1ee31fca143a855c3b59a12b?s=96&d=mm&r=g\",\"caption\":\"Viridiana Parra Trejo\"},\"url\":\"https:\\\/\\\/www3.facturehoy.com\\\/home\\\/author\\\/v-parra\\\/\"}]}<\/script>\n<!-- \/ Yoast SEO plugin. -->","yoast_head_json":{"title":"Menos horas, mismo sueldo en M\u00e9xico | FactureHoy","description":"Descubre c\u00f3mo la reforma laboral en M\u00e9xico reducir\u00e1 horas de trabajo sin afectar el sueldo y qu\u00e9 cambios vienen para trabajadores y empresas.","robots":{"index":"index","follow":"follow","max-snippet":"max-snippet:-1","max-image-preview":"max-image-preview:large","max-video-preview":"max-video-preview:-1"},"canonical":"https:\/\/www3.facturehoy.com\/home\/menos-horas-mismo-sueldo\/","og_locale":"es_ES","og_type":"article","og_title":"Menos horas, mismo sueldo en M\u00e9xico | FactureHoy","og_description":"Descubre c\u00f3mo la reforma laboral en M\u00e9xico reducir\u00e1 horas de trabajo sin afectar el sueldo y qu\u00e9 cambios vienen para trabajadores y empresas.","og_url":"https:\/\/www3.facturehoy.com\/home\/menos-horas-mismo-sueldo\/","og_site_name":"FactureHoy","article_publisher":"https:\/\/www.facebook.com\/facturehoy","article_published_time":"2026-01-21T19:24:12+00:00","article_modified_time":"2026-01-21T21:46:01+00:00","og_image":[{"width":1920,"height":1080,"url":"https:\/\/www3.facturehoy.com\/wp-content\/uploads\/2026\/01\/menoshorasblog.jpg","type":"image\/jpeg"}],"author":"Viridiana Parra Trejo","twitter_card":"summary_large_image","twitter_creator":"@FactureHoy","twitter_site":"@FactureHoy","twitter_misc":{"Escrito por":"Viridiana Parra Trejo","Tiempo de lectura":"1 minuto"},"schema":{"@context":"https:\/\/schema.org","@graph":[{"@type":"Article","@id":"https:\/\/www3.facturehoy.com\/home\/menos-horas-mismo-sueldo\/#article","isPartOf":{"@id":"https:\/\/www3.facturehoy.com\/home\/menos-horas-mismo-sueldo\/"},"author":{"name":"Viridiana Parra Trejo","@id":"https:\/\/www3.facturehoy.com\/home\/#\/schema\/person\/59ab2d93910fb99bf28462ebea3c325d"},"headline":"Menos horas, mismo sueldo en M\u00e9xico","datePublished":"2026-01-21T19:24:12+00:00","dateModified":"2026-01-21T21:46:01+00:00","mainEntityOfPage":{"@id":"https:\/\/www3.facturehoy.com\/home\/menos-horas-mismo-sueldo\/"},"wordCount":228,"publisher":{"@id":"https:\/\/www3.facturehoy.com\/home\/#organization"},"image":{"@id":"https:\/\/www3.facturehoy.com\/home\/menos-horas-mismo-sueldo\/#primaryimage"},"thumbnailUrl":"https:\/\/www3.facturehoy.com\/wp-content\/uploads\/2026\/01\/menoshorasblog.webp","keywords":["horas de trabajo","jornada laboral","M\u00e9xico","reforma laboral","salario"],"articleSection":["Noticias"],"inLanguage":"es"},{"@type":"WebPage","@id":"https:\/\/www3.facturehoy.com\/home\/menos-horas-mismo-sueldo\/","url":"https:\/\/www3.facturehoy.com\/home\/menos-horas-mismo-sueldo\/","name":"Menos horas, mismo sueldo en M\u00e9xico | FactureHoy","isPartOf":{"@id":"https:\/\/www3.facturehoy.com\/home\/#website"},"primaryImageOfPage":{"@id":"https:\/\/www3.facturehoy.com\/home\/menos-horas-mismo-sueldo\/#primaryimage"},"image":{"@id":"https:\/\/www3.facturehoy.com\/home\/menos-horas-mismo-sueldo\/#primaryimage"},"thumbnailUrl":"https:\/\/www3.facturehoy.com\/wp-content\/uploads\/2026\/01\/menoshorasblog.webp","datePublished":"2026-01-21T19:24:12+00:00","dateModified":"2026-01-21T21:46:01+00:00","description":"Descubre c\u00f3mo la reforma laboral en M\u00e9xico reducir\u00e1 horas de trabajo sin afectar el sueldo y qu\u00e9 cambios vienen para trabajadores y empresas.","breadcrumb":{"@id":"https:\/\/www3.facturehoy.com\/home\/menos-horas-mismo-sueldo\/#breadcrumb"},"inLanguage":"es","potentialAction":[{"@type":"ReadAction","target":["https:\/\/www3.facturehoy.com\/home\/menos-horas-mismo-sueldo\/"]}]},{"@type":"ImageObject","inLanguage":"es","@id":"https:\/\/www3.facturehoy.com\/home\/menos-horas-mismo-sueldo\/#primaryimage","url":"https:\/\/www3.facturehoy.com\/wp-content\/uploads\/2026\/01\/menoshorasblog.webp","contentUrl":"https:\/\/www3.facturehoy.com\/wp-content\/uploads\/2026\/01\/menoshorasblog.webp","width":1920,"height":1080},{"@type":"BreadcrumbList","@id":"https:\/\/www3.facturehoy.com\/home\/menos-horas-mismo-sueldo\/#breadcrumb","itemListElement":[{"@type":"ListItem","position":1,"name":"Portada","item":"https:\/\/www3.facturehoy.com\/home\/home\/"},{"@type":"ListItem","position":2,"name":"Menos horas, mismo sueldo en M\u00e9xico"}]},{"@type":"WebSite","@id":"https:\/\/www3.facturehoy.com\/home\/#website","url":"https:\/\/www3.facturehoy.com\/home\/","name":"FactureHoy","description":"Facturar en L\u00ednea","publisher":{"@id":"https:\/\/www3.facturehoy.com\/home\/#organization"},"potentialAction":[{"@type":"SearchAction","target":{"@type":"EntryPoint","urlTemplate":"https:\/\/www3.facturehoy.com\/home\/?s={search_term_string}"},"query-input":{"@type":"PropertyValueSpecification","valueRequired":true,"valueName":"search_term_string"}}],"inLanguage":"es"},{"@type":"Organization","@id":"https:\/\/www3.facturehoy.com\/home\/#organization","name":"FactureHoy","url":"https:\/\/www3.facturehoy.com\/home\/","logo":{"@type":"ImageObject","inLanguage":"es","@id":"https:\/\/www3.facturehoy.com\/home\/#\/schema\/logo\/image\/","url":"https:\/\/www3.facturehoy.com\/wp-content\/uploads\/2019\/06\/NUEVO-PAGINA-LOGO-Recuperado.png","contentUrl":"https:\/\/www3.facturehoy.com\/wp-content\/uploads\/2019\/06\/NUEVO-PAGINA-LOGO-Recuperado.png","width":300,"height":250,"caption":"FactureHoy"},"image":{"@id":"https:\/\/www3.facturehoy.com\/home\/#\/schema\/logo\/image\/"},"sameAs":["https:\/\/www.facebook.com\/facturehoy","https:\/\/x.com\/FactureHoy","https:\/\/www.linkedin.com\/company\/certus-facturehoy"]},{"@type":"Person","@id":"https:\/\/www3.facturehoy.com\/home\/#\/schema\/person\/59ab2d93910fb99bf28462ebea3c325d","name":"Viridiana Parra Trejo","image":{"@type":"ImageObject","inLanguage":"es","@id":"https:\/\/secure.gravatar.com\/avatar\/af1c46d464c1ab2bc43e77747d58357f8cb6efda1ee31fca143a855c3b59a12b?s=96&d=mm&r=g","url":"https:\/\/secure.gravatar.com\/avatar\/af1c46d464c1ab2bc43e77747d58357f8cb6efda1ee31fca143a855c3b59a12b?s=96&d=mm&r=g","contentUrl":"https:\/\/secure.gravatar.com\/avatar\/af1c46d464c1ab2bc43e77747d58357f8cb6efda1ee31fca143a855c3b59a12b?s=96&d=mm&r=g","caption":"Viridiana Parra Trejo"},"url":"https:\/\/www3.facturehoy.com\/home\/author\/v-parra\/"}]}},"rttpg_featured_image_url":{"full":["https:\/\/www3.facturehoy.com\/wp-content\/uploads\/2026\/01\/menoshorasblog.webp",1920,1080,false],"landscape":["https:\/\/www3.facturehoy.com\/wp-content\/uploads\/2026\/01\/menoshorasblog.webp",1920,1080,false],"portraits":["https:\/\/www3.facturehoy.com\/wp-content\/uploads\/2026\/01\/menoshorasblog.webp",1920,1080,false],"thumbnail":["https:\/\/www3.facturehoy.com\/wp-content\/uploads\/2026\/01\/menoshorasblog-80x80.webp",80,80,true],"medium":["https:\/\/www3.facturehoy.com\/wp-content\/uploads\/2026\/01\/menoshorasblog-300x169.webp",300,169,true],"large":["https:\/\/www3.facturehoy.com\/wp-content\/uploads\/2026\/01\/menoshorasblog-1030x579.webp",1030,579,true],"1536x1536":["https:\/\/www3.facturehoy.com\/wp-content\/uploads\/2026\/01\/menoshorasblog-1536x864.webp",1536,864,true],"2048x2048":["https:\/\/www3.facturehoy.com\/wp-content\/uploads\/2026\/01\/menoshorasblog.webp",1920,1080,false],"widget":["https:\/\/www3.facturehoy.com\/wp-content\/uploads\/2026\/01\/menoshorasblog-36x36.webp",36,36,true],"square":["https:\/\/www3.facturehoy.com\/wp-content\/uploads\/2026\/01\/menoshorasblog-180x180.webp",180,180,true],"featured":["https:\/\/www3.facturehoy.com\/wp-content\/uploads\/2026\/01\/menoshorasblog-1500x430.webp",1500,430,true],"featured_large":["https:\/\/www3.facturehoy.com\/wp-content\/uploads\/2026\/01\/menoshorasblog-1500x630.webp",1500,630,true],"extra_large":["https:\/\/www3.facturehoy.com\/wp-content\/uploads\/2026\/01\/menoshorasblog-1500x844.webp",1500,844,true],"portfolio":["https:\/\/www3.facturehoy.com\/wp-content\/uploads\/2026\/01\/menoshorasblog-495x400.webp",495,400,true],"portfolio_small":["https:\/\/www3.facturehoy.com\/wp-content\/uploads\/2026\/01\/menoshorasblog-260x185.webp",260,185,true],"gallery":["https:\/\/www3.facturehoy.com\/wp-content\/uploads\/2026\/01\/menoshorasblog-845x684.webp",845,684,true],"magazine":["https:\/\/www3.facturehoy.com\/wp-content\/uploads\/2026\/01\/menoshorasblog-710x375.webp",710,375,true],"masonry":["https:\/\/www3.facturehoy.com\/wp-content\/uploads\/2026\/01\/menoshorasblog-705x397.webp",705,397,true],"entry_with_sidebar":["https:\/\/www3.facturehoy.com\/wp-content\/uploads\/2026\/01\/menoshorasblog-845x321.webp",845,321,true],"entry_without_sidebar":["https:\/\/www3.facturehoy.com\/wp-content\/uploads\/2026\/01\/menoshorasblog-1210x423.webp",1210,423,true]},"rttpg_author":{"display_name":"Viridiana Parra Trejo","author_link":"https:\/\/www3.facturehoy.com\/home\/author\/v-parra\/"},"rttpg_comment":0,"rttpg_category":"<a href=\"https:\/\/www3.facturehoy.com\/home\/category\/noticias\/\" rel=\"category tag\">Noticias<\/a>","rttpg_excerpt":"De acuerdo con los rankings de la OCDE, M\u00e9xico se sit\u00faa entre los pa\u00edses que m\u00e1s trabajan en horas anuales acompa\u00f1ado de Colombia y Costa Rica. Actualmente para el 2026, la duraci\u00f3n m\u00e1xima de una jornada laboral es de 8 horas al d\u00eda por 6 d\u00edas con 1 d\u00eda de descanso dando un total de&hellip;","_links":{"self":[{"href":"https:\/\/www3.facturehoy.com\/home\/wp-json\/wp\/v2\/posts\/47909","targetHints":{"allow":["GET"]}}],"collection":[{"href":"https:\/\/www3.facturehoy.com\/home\/wp-json\/wp\/v2\/posts"}],"about":[{"href":"https:\/\/www3.facturehoy.com\/home\/wp-json\/wp\/v2\/types\/post"}],"author":[{"embeddable":true,"href":"https:\/\/www3.facturehoy.com\/home\/wp-json\/wp\/v2\/users\/888"}],"replies":[{"embeddable":true,"href":"https:\/\/www3.facturehoy.com\/home\/wp-json\/wp\/v2\/comments?post=47909"}],"version-history":[{"count":1,"href":"https:\/\/www3.facturehoy.com\/home\/wp-json\/wp\/v2\/posts\/47909\/revisions"}],"predecessor-version":[{"id":47920,"href":"https:\/\/www3.facturehoy.com\/home\/wp-json\/wp\/v2\/posts\/47909\/revisions\/47920"}],"wp:featuredmedia":[{"embeddable":true,"href":"https:\/\/www3.facturehoy.com\/home\/wp-json\/wp\/v2\/media\/47910"}],"wp:attachment":[{"href":"https:\/\/www3.facturehoy.com\/home\/wp-json\/wp\/v2\/media?parent=47909"}],"wp:term":[{"taxonomy":"category","embeddable":true,"href":"https:\/\/www3.facturehoy.com\/home\/wp-json\/wp\/v2\/categories?post=47909"},{"taxonomy":"post_tag","embeddable":true,"href":"https:\/\/www3.facturehoy.com\/home\/wp-json\/wp\/v2\/tags?post=47909"}],"curies":[{"name":"wp","href":"https:\/\/api.w.org\/{rel}","templated":true}]}}