{"id":47974,"date":"2026-03-12T17:05:39","date_gmt":"2026-03-12T23:05:39","guid":{"rendered":"https:\/\/www3.facturehoy.com\/home\/?p=47974"},"modified":"2026-03-12T17:08:16","modified_gmt":"2026-03-12T23:08:16","slug":"reforma-laboral-40-horas-mexico","status":"publish","type":"post","link":"https:\/\/www3.facturehoy.com\/home\/reforma-laboral-40-horas-mexico\/","title":{"rendered":"Reforma laboral 40 horas en M\u00e9xico"},"content":{"rendered":"\t\t<div data-elementor-type=\"wp-post\" data-elementor-id=\"47974\" class=\"elementor elementor-47974\" data-elementor-post-type=\"post\">\n\t\t\t\t\t\t<section class=\"elementor-section elementor-top-section elementor-element elementor-element-e8b5c1a elementor-section-boxed elementor-section-height-default elementor-section-height-default\" data-id=\"e8b5c1a\" data-element_type=\"section\" data-e-type=\"section\">\n\t\t\t\t\t\t<div class=\"elementor-container elementor-column-gap-default\">\n\t\t\t\t\t<div class=\"elementor-column elementor-col-100 elementor-top-column elementor-element elementor-element-d397b99\" data-id=\"d397b99\" data-element_type=\"column\" data-e-type=\"column\">\n\t\t\t<div class=\"elementor-widget-wrap elementor-element-populated\">\n\t\t\t\t\t\t<div class=\"elementor-element elementor-element-581ea25 elementor-widget elementor-widget-text-editor\" data-id=\"581ea25\" data-element_type=\"widget\" data-e-type=\"widget\" data-widget_type=\"text-editor.default\">\n\t\t\t\t<div class=\"elementor-widget-container\">\n\t\t\t\t\t\t\t\t\t<p style=\"text-align: center;\"><strong>\u00a1LA JORNADA LABORAL DE 40 HORAS YA ES UNA REALIDAD!<\/strong><\/p><p><span style=\"color: #000000;\">El pasado <strong>3 de marzo del 2026<\/strong>, se public\u00f3 en el Diario Oficial de la Federaci\u00f3n la reforma laboral que reduce la jornada laboral de 4<strong>8 horas a 40 horas<\/strong> semanales, implementando 2 d\u00edas de descanso a la semana, sin afectar el salario y las prestaciones actuales del trabajador.<\/span><\/p><p><span style=\"color: #000000;\">La reducci\u00f3n de la jornada laboral <strong>se har\u00e1 de forma gradual<\/strong>, ser\u00e1 de 2 horas menos por a\u00f1o, empezando en el 2027 con 46 horas y terminando en el 2030 con las 40 horas planteadas, llegando as\u00ed a 5 d\u00edas trabajados de 8 horas diarias y 2 d\u00edas de descanso a la semana.<\/span><\/p><p><span style=\"color: #000000;\">Adicional al cambio anterior, se implementa un aumento a las horas extras pagadas al doble, aumentando de 9 horas extras dobles a 12 horas extras dobles; agregando 4 horas extras pagadas al triple, estableciendo estos l\u00edmites como lo m\u00e1ximo que puede laborar un trabajador.<\/span><\/p><p><span style=\"color: #000000;\">Esta reforma representa un cambio hist\u00f3rico para el pa\u00eds, ya que la jornada laboral de 48 horas se estableci\u00f3 desde 1917. En la actualidad se busca mejorar el equilibrio vida-trabajo para tener mejor calidad de vida, tal como lo aplican pa\u00edses como Francia, Canad\u00e1, Italia, Brasil, Estados Unidos, entre otros.<\/span><\/p>\t\t\t\t\t\t\t\t<\/div>\n\t\t\t\t<\/div>\n\t\t\t\t\t<\/div>\n\t\t<\/div>\n\t\t\t\t\t<\/div>\n\t\t<\/section>\n\t\t\t\t<\/div>\n\t\t","protected":false},"excerpt":{"rendered":"<p>\u00a1LA JORNADA LABORAL DE 40 HORAS YA ES UNA REALIDAD! El pasado 3 de marzo del 2026, se public\u00f3 en el Diario Oficial de la Federaci\u00f3n la reforma laboral que reduce la jornada laboral de 48 horas a 40 horas semanales, implementando 2 d\u00edas de descanso a la semana, sin afectar el salario y las [&hellip;]<\/p>\n","protected":false},"author":888,"featured_media":47975,"comment_status":"closed","ping_status":"closed","sticky":false,"template":"","format":"standard","meta":{"content-type":"","om_disable_all_campaigns":false,"_uf_show_specific_survey":0,"_uf_disable_surveys":false,"_joinchat":[],"footnotes":""},"categories":[3],"tags":[6742,6744,6725,6743,6724],"class_list":["post-47974","post","type-post","status-publish","format-standard","has-post-thumbnail","hentry","category-noticias","tag-40-horas","tag-empresas-mexico","tag-jornada-laboral","tag-ley-laboral-mexico","tag-reforma-laboral"],"yoast_head":"<!-- This site is optimized with the Yoast SEO plugin v27.5 - https:\/\/yoast.com\/product\/yoast-seo-wordpress\/ -->\n<title>Reforma laboral 40 horas en M\u00e9xico - FactureHoy<\/title>\n<meta name=\"description\" content=\"La reforma laboral establece la jornada laboral de 40 horas en M\u00e9xico. Conoce c\u00f3mo ser\u00e1 la implementaci\u00f3n gradual y qu\u00e9 cambia para empresas.\" \/>\n<meta name=\"robots\" content=\"index, follow, max-snippet:-1, max-image-preview:large, max-video-preview:-1\" \/>\n<link rel=\"canonical\" href=\"https:\/\/www3.facturehoy.com\/home\/reforma-laboral-40-horas-mexico\/\" \/>\n<meta property=\"og:locale\" content=\"es_ES\" \/>\n<meta property=\"og:type\" content=\"article\" \/>\n<meta property=\"og:title\" content=\"Reforma laboral 40 horas en M\u00e9xico - FactureHoy\" \/>\n<meta property=\"og:description\" content=\"La reforma laboral establece la jornada laboral de 40 horas en M\u00e9xico. Conoce c\u00f3mo ser\u00e1 la implementaci\u00f3n gradual y qu\u00e9 cambia para empresas.\" \/>\n<meta property=\"og:url\" content=\"https:\/\/www3.facturehoy.com\/home\/reforma-laboral-40-horas-mexico\/\" \/>\n<meta property=\"og:site_name\" content=\"FactureHoy\" \/>\n<meta property=\"article:publisher\" content=\"https:\/\/www.facebook.com\/facturehoy\" \/>\n<meta property=\"article:published_time\" content=\"2026-03-12T23:05:39+00:00\" \/>\n<meta property=\"article:modified_time\" content=\"2026-03-12T23:08:16+00:00\" \/>\n<meta property=\"og:image\" content=\"https:\/\/www3.facturehoy.com\/wp-content\/uploads\/2026\/03\/blogjornada.jpg\" \/>\n\t<meta property=\"og:image:width\" content=\"1920\" \/>\n\t<meta property=\"og:image:height\" content=\"1080\" \/>\n\t<meta property=\"og:image:type\" content=\"image\/jpeg\" \/>\n<meta name=\"author\" content=\"Viridiana Parra Trejo\" \/>\n<meta name=\"twitter:card\" content=\"summary_large_image\" \/>\n<meta name=\"twitter:creator\" content=\"@FactureHoy\" \/>\n<meta name=\"twitter:site\" content=\"@FactureHoy\" \/>\n<meta name=\"twitter:label1\" content=\"Escrito por\" \/>\n\t<meta name=\"twitter:data1\" content=\"Viridiana Parra Trejo\" \/>\n\t<meta name=\"twitter:label2\" content=\"Tiempo de lectura\" \/>\n\t<meta name=\"twitter:data2\" content=\"1 minuto\" \/>\n<script type=\"application\/ld+json\" class=\"yoast-schema-graph\">{\"@context\":\"https:\\\/\\\/schema.org\",\"@graph\":[{\"@type\":\"Article\",\"@id\":\"https:\\\/\\\/www3.facturehoy.com\\\/home\\\/reforma-laboral-40-horas-mexico\\\/#article\",\"isPartOf\":{\"@id\":\"https:\\\/\\\/www3.facturehoy.com\\\/home\\\/reforma-laboral-40-horas-mexico\\\/\"},\"author\":{\"name\":\"Viridiana Parra Trejo\",\"@id\":\"https:\\\/\\\/www3.facturehoy.com\\\/home\\\/#\\\/schema\\\/person\\\/59ab2d93910fb99bf28462ebea3c325d\"},\"headline\":\"Reforma laboral 40 horas en M\u00e9xico\",\"datePublished\":\"2026-03-12T23:05:39+00:00\",\"dateModified\":\"2026-03-12T23:08:16+00:00\",\"mainEntityOfPage\":{\"@id\":\"https:\\\/\\\/www3.facturehoy.com\\\/home\\\/reforma-laboral-40-horas-mexico\\\/\"},\"wordCount\":204,\"publisher\":{\"@id\":\"https:\\\/\\\/www3.facturehoy.com\\\/home\\\/#organization\"},\"image\":{\"@id\":\"https:\\\/\\\/www3.facturehoy.com\\\/home\\\/reforma-laboral-40-horas-mexico\\\/#primaryimage\"},\"thumbnailUrl\":\"https:\\\/\\\/www3.facturehoy.com\\\/wp-content\\\/uploads\\\/2026\\\/03\\\/blogjornada.webp\",\"keywords\":[\"40 horas\",\"empresas m\u00e9xico\",\"jornada laboral\",\"ley laboral m\u00e9xico\",\"reforma laboral\"],\"articleSection\":[\"Noticias\"],\"inLanguage\":\"es\"},{\"@type\":\"WebPage\",\"@id\":\"https:\\\/\\\/www3.facturehoy.com\\\/home\\\/reforma-laboral-40-horas-mexico\\\/\",\"url\":\"https:\\\/\\\/www3.facturehoy.com\\\/home\\\/reforma-laboral-40-horas-mexico\\\/\",\"name\":\"Reforma laboral 40 horas en M\u00e9xico - FactureHoy\",\"isPartOf\":{\"@id\":\"https:\\\/\\\/www3.facturehoy.com\\\/home\\\/#website\"},\"primaryImageOfPage\":{\"@id\":\"https:\\\/\\\/www3.facturehoy.com\\\/home\\\/reforma-laboral-40-horas-mexico\\\/#primaryimage\"},\"image\":{\"@id\":\"https:\\\/\\\/www3.facturehoy.com\\\/home\\\/reforma-laboral-40-horas-mexico\\\/#primaryimage\"},\"thumbnailUrl\":\"https:\\\/\\\/www3.facturehoy.com\\\/wp-content\\\/uploads\\\/2026\\\/03\\\/blogjornada.webp\",\"datePublished\":\"2026-03-12T23:05:39+00:00\",\"dateModified\":\"2026-03-12T23:08:16+00:00\",\"description\":\"La reforma laboral establece la jornada laboral de 40 horas en M\u00e9xico. Conoce c\u00f3mo ser\u00e1 la implementaci\u00f3n gradual y qu\u00e9 cambia para empresas.\",\"breadcrumb\":{\"@id\":\"https:\\\/\\\/www3.facturehoy.com\\\/home\\\/reforma-laboral-40-horas-mexico\\\/#breadcrumb\"},\"inLanguage\":\"es\",\"potentialAction\":[{\"@type\":\"ReadAction\",\"target\":[\"https:\\\/\\\/www3.facturehoy.com\\\/home\\\/reforma-laboral-40-horas-mexico\\\/\"]}]},{\"@type\":\"ImageObject\",\"inLanguage\":\"es\",\"@id\":\"https:\\\/\\\/www3.facturehoy.com\\\/home\\\/reforma-laboral-40-horas-mexico\\\/#primaryimage\",\"url\":\"https:\\\/\\\/www3.facturehoy.com\\\/wp-content\\\/uploads\\\/2026\\\/03\\\/blogjornada.webp\",\"contentUrl\":\"https:\\\/\\\/www3.facturehoy.com\\\/wp-content\\\/uploads\\\/2026\\\/03\\\/blogjornada.webp\",\"width\":1920,\"height\":1080},{\"@type\":\"BreadcrumbList\",\"@id\":\"https:\\\/\\\/www3.facturehoy.com\\\/home\\\/reforma-laboral-40-horas-mexico\\\/#breadcrumb\",\"itemListElement\":[{\"@type\":\"ListItem\",\"position\":1,\"name\":\"Portada\",\"item\":\"https:\\\/\\\/www3.facturehoy.com\\\/home\\\/home\\\/\"},{\"@type\":\"ListItem\",\"position\":2,\"name\":\"Reforma laboral 40 horas en M\u00e9xico\"}]},{\"@type\":\"WebSite\",\"@id\":\"https:\\\/\\\/www3.facturehoy.com\\\/home\\\/#website\",\"url\":\"https:\\\/\\\/www3.facturehoy.com\\\/home\\\/\",\"name\":\"FactureHoy\",\"description\":\"Facturar en L\u00ednea\",\"publisher\":{\"@id\":\"https:\\\/\\\/www3.facturehoy.com\\\/home\\\/#organization\"},\"potentialAction\":[{\"@type\":\"SearchAction\",\"target\":{\"@type\":\"EntryPoint\",\"urlTemplate\":\"https:\\\/\\\/www3.facturehoy.com\\\/home\\\/?s={search_term_string}\"},\"query-input\":{\"@type\":\"PropertyValueSpecification\",\"valueRequired\":true,\"valueName\":\"search_term_string\"}}],\"inLanguage\":\"es\"},{\"@type\":\"Organization\",\"@id\":\"https:\\\/\\\/www3.facturehoy.com\\\/home\\\/#organization\",\"name\":\"FactureHoy\",\"url\":\"https:\\\/\\\/www3.facturehoy.com\\\/home\\\/\",\"logo\":{\"@type\":\"ImageObject\",\"inLanguage\":\"es\",\"@id\":\"https:\\\/\\\/www3.facturehoy.com\\\/home\\\/#\\\/schema\\\/logo\\\/image\\\/\",\"url\":\"https:\\\/\\\/www3.facturehoy.com\\\/wp-content\\\/uploads\\\/2019\\\/06\\\/NUEVO-PAGINA-LOGO-Recuperado.png\",\"contentUrl\":\"https:\\\/\\\/www3.facturehoy.com\\\/wp-content\\\/uploads\\\/2019\\\/06\\\/NUEVO-PAGINA-LOGO-Recuperado.png\",\"width\":300,\"height\":250,\"caption\":\"FactureHoy\"},\"image\":{\"@id\":\"https:\\\/\\\/www3.facturehoy.com\\\/home\\\/#\\\/schema\\\/logo\\\/image\\\/\"},\"sameAs\":[\"https:\\\/\\\/www.facebook.com\\\/facturehoy\",\"https:\\\/\\\/x.com\\\/FactureHoy\",\"https:\\\/\\\/www.linkedin.com\\\/company\\\/certus-facturehoy\"]},{\"@type\":\"Person\",\"@id\":\"https:\\\/\\\/www3.facturehoy.com\\\/home\\\/#\\\/schema\\\/person\\\/59ab2d93910fb99bf28462ebea3c325d\",\"name\":\"Viridiana Parra Trejo\",\"image\":{\"@type\":\"ImageObject\",\"inLanguage\":\"es\",\"@id\":\"https:\\\/\\\/secure.gravatar.com\\\/avatar\\\/af1c46d464c1ab2bc43e77747d58357f8cb6efda1ee31fca143a855c3b59a12b?s=96&d=mm&r=g\",\"url\":\"https:\\\/\\\/secure.gravatar.com\\\/avatar\\\/af1c46d464c1ab2bc43e77747d58357f8cb6efda1ee31fca143a855c3b59a12b?s=96&d=mm&r=g\",\"contentUrl\":\"https:\\\/\\\/secure.gravatar.com\\\/avatar\\\/af1c46d464c1ab2bc43e77747d58357f8cb6efda1ee31fca143a855c3b59a12b?s=96&d=mm&r=g\",\"caption\":\"Viridiana Parra Trejo\"},\"url\":\"https:\\\/\\\/www3.facturehoy.com\\\/home\\\/author\\\/v-parra\\\/\"}]}<\/script>\n<!-- \/ Yoast SEO plugin. -->","yoast_head_json":{"title":"Reforma laboral 40 horas en M\u00e9xico - FactureHoy","description":"La reforma laboral establece la jornada laboral de 40 horas en M\u00e9xico. Conoce c\u00f3mo ser\u00e1 la implementaci\u00f3n gradual y qu\u00e9 cambia para empresas.","robots":{"index":"index","follow":"follow","max-snippet":"max-snippet:-1","max-image-preview":"max-image-preview:large","max-video-preview":"max-video-preview:-1"},"canonical":"https:\/\/www3.facturehoy.com\/home\/reforma-laboral-40-horas-mexico\/","og_locale":"es_ES","og_type":"article","og_title":"Reforma laboral 40 horas en M\u00e9xico - FactureHoy","og_description":"La reforma laboral establece la jornada laboral de 40 horas en M\u00e9xico. Conoce c\u00f3mo ser\u00e1 la implementaci\u00f3n gradual y qu\u00e9 cambia para empresas.","og_url":"https:\/\/www3.facturehoy.com\/home\/reforma-laboral-40-horas-mexico\/","og_site_name":"FactureHoy","article_publisher":"https:\/\/www.facebook.com\/facturehoy","article_published_time":"2026-03-12T23:05:39+00:00","article_modified_time":"2026-03-12T23:08:16+00:00","og_image":[{"width":1920,"height":1080,"url":"https:\/\/www3.facturehoy.com\/wp-content\/uploads\/2026\/03\/blogjornada.jpg","type":"image\/jpeg"}],"author":"Viridiana Parra Trejo","twitter_card":"summary_large_image","twitter_creator":"@FactureHoy","twitter_site":"@FactureHoy","twitter_misc":{"Escrito por":"Viridiana Parra Trejo","Tiempo de lectura":"1 minuto"},"schema":{"@context":"https:\/\/schema.org","@graph":[{"@type":"Article","@id":"https:\/\/www3.facturehoy.com\/home\/reforma-laboral-40-horas-mexico\/#article","isPartOf":{"@id":"https:\/\/www3.facturehoy.com\/home\/reforma-laboral-40-horas-mexico\/"},"author":{"name":"Viridiana Parra Trejo","@id":"https:\/\/www3.facturehoy.com\/home\/#\/schema\/person\/59ab2d93910fb99bf28462ebea3c325d"},"headline":"Reforma laboral 40 horas en M\u00e9xico","datePublished":"2026-03-12T23:05:39+00:00","dateModified":"2026-03-12T23:08:16+00:00","mainEntityOfPage":{"@id":"https:\/\/www3.facturehoy.com\/home\/reforma-laboral-40-horas-mexico\/"},"wordCount":204,"publisher":{"@id":"https:\/\/www3.facturehoy.com\/home\/#organization"},"image":{"@id":"https:\/\/www3.facturehoy.com\/home\/reforma-laboral-40-horas-mexico\/#primaryimage"},"thumbnailUrl":"https:\/\/www3.facturehoy.com\/wp-content\/uploads\/2026\/03\/blogjornada.webp","keywords":["40 horas","empresas m\u00e9xico","jornada laboral","ley laboral m\u00e9xico","reforma laboral"],"articleSection":["Noticias"],"inLanguage":"es"},{"@type":"WebPage","@id":"https:\/\/www3.facturehoy.com\/home\/reforma-laboral-40-horas-mexico\/","url":"https:\/\/www3.facturehoy.com\/home\/reforma-laboral-40-horas-mexico\/","name":"Reforma laboral 40 horas en M\u00e9xico - FactureHoy","isPartOf":{"@id":"https:\/\/www3.facturehoy.com\/home\/#website"},"primaryImageOfPage":{"@id":"https:\/\/www3.facturehoy.com\/home\/reforma-laboral-40-horas-mexico\/#primaryimage"},"image":{"@id":"https:\/\/www3.facturehoy.com\/home\/reforma-laboral-40-horas-mexico\/#primaryimage"},"thumbnailUrl":"https:\/\/www3.facturehoy.com\/wp-content\/uploads\/2026\/03\/blogjornada.webp","datePublished":"2026-03-12T23:05:39+00:00","dateModified":"2026-03-12T23:08:16+00:00","description":"La reforma laboral establece la jornada laboral de 40 horas en M\u00e9xico. Conoce c\u00f3mo ser\u00e1 la implementaci\u00f3n gradual y qu\u00e9 cambia para empresas.","breadcrumb":{"@id":"https:\/\/www3.facturehoy.com\/home\/reforma-laboral-40-horas-mexico\/#breadcrumb"},"inLanguage":"es","potentialAction":[{"@type":"ReadAction","target":["https:\/\/www3.facturehoy.com\/home\/reforma-laboral-40-horas-mexico\/"]}]},{"@type":"ImageObject","inLanguage":"es","@id":"https:\/\/www3.facturehoy.com\/home\/reforma-laboral-40-horas-mexico\/#primaryimage","url":"https:\/\/www3.facturehoy.com\/wp-content\/uploads\/2026\/03\/blogjornada.webp","contentUrl":"https:\/\/www3.facturehoy.com\/wp-content\/uploads\/2026\/03\/blogjornada.webp","width":1920,"height":1080},{"@type":"BreadcrumbList","@id":"https:\/\/www3.facturehoy.com\/home\/reforma-laboral-40-horas-mexico\/#breadcrumb","itemListElement":[{"@type":"ListItem","position":1,"name":"Portada","item":"https:\/\/www3.facturehoy.com\/home\/home\/"},{"@type":"ListItem","position":2,"name":"Reforma laboral 40 horas en M\u00e9xico"}]},{"@type":"WebSite","@id":"https:\/\/www3.facturehoy.com\/home\/#website","url":"https:\/\/www3.facturehoy.com\/home\/","name":"FactureHoy","description":"Facturar en L\u00ednea","publisher":{"@id":"https:\/\/www3.facturehoy.com\/home\/#organization"},"potentialAction":[{"@type":"SearchAction","target":{"@type":"EntryPoint","urlTemplate":"https:\/\/www3.facturehoy.com\/home\/?s={search_term_string}"},"query-input":{"@type":"PropertyValueSpecification","valueRequired":true,"valueName":"search_term_string"}}],"inLanguage":"es"},{"@type":"Organization","@id":"https:\/\/www3.facturehoy.com\/home\/#organization","name":"FactureHoy","url":"https:\/\/www3.facturehoy.com\/home\/","logo":{"@type":"ImageObject","inLanguage":"es","@id":"https:\/\/www3.facturehoy.com\/home\/#\/schema\/logo\/image\/","url":"https:\/\/www3.facturehoy.com\/wp-content\/uploads\/2019\/06\/NUEVO-PAGINA-LOGO-Recuperado.png","contentUrl":"https:\/\/www3.facturehoy.com\/wp-content\/uploads\/2019\/06\/NUEVO-PAGINA-LOGO-Recuperado.png","width":300,"height":250,"caption":"FactureHoy"},"image":{"@id":"https:\/\/www3.facturehoy.com\/home\/#\/schema\/logo\/image\/"},"sameAs":["https:\/\/www.facebook.com\/facturehoy","https:\/\/x.com\/FactureHoy","https:\/\/www.linkedin.com\/company\/certus-facturehoy"]},{"@type":"Person","@id":"https:\/\/www3.facturehoy.com\/home\/#\/schema\/person\/59ab2d93910fb99bf28462ebea3c325d","name":"Viridiana Parra Trejo","image":{"@type":"ImageObject","inLanguage":"es","@id":"https:\/\/secure.gravatar.com\/avatar\/af1c46d464c1ab2bc43e77747d58357f8cb6efda1ee31fca143a855c3b59a12b?s=96&d=mm&r=g","url":"https:\/\/secure.gravatar.com\/avatar\/af1c46d464c1ab2bc43e77747d58357f8cb6efda1ee31fca143a855c3b59a12b?s=96&d=mm&r=g","contentUrl":"https:\/\/secure.gravatar.com\/avatar\/af1c46d464c1ab2bc43e77747d58357f8cb6efda1ee31fca143a855c3b59a12b?s=96&d=mm&r=g","caption":"Viridiana Parra Trejo"},"url":"https:\/\/www3.facturehoy.com\/home\/author\/v-parra\/"}]}},"rttpg_featured_image_url":{"full":["https:\/\/www3.facturehoy.com\/wp-content\/uploads\/2026\/03\/blogjornada.webp",1920,1080,false],"landscape":["https:\/\/www3.facturehoy.com\/wp-content\/uploads\/2026\/03\/blogjornada.webp",1920,1080,false],"portraits":["https:\/\/www3.facturehoy.com\/wp-content\/uploads\/2026\/03\/blogjornada.webp",1920,1080,false],"thumbnail":["https:\/\/www3.facturehoy.com\/wp-content\/uploads\/2026\/03\/blogjornada-80x80.webp",80,80,true],"medium":["https:\/\/www3.facturehoy.com\/wp-content\/uploads\/2026\/03\/blogjornada-300x169.webp",300,169,true],"large":["https:\/\/www3.facturehoy.com\/wp-content\/uploads\/2026\/03\/blogjornada-1030x579.webp",1030,579,true],"1536x1536":["https:\/\/www3.facturehoy.com\/wp-content\/uploads\/2026\/03\/blogjornada-1536x864.webp",1536,864,true],"2048x2048":["https:\/\/www3.facturehoy.com\/wp-content\/uploads\/2026\/03\/blogjornada.webp",1920,1080,false],"widget":["https:\/\/www3.facturehoy.com\/wp-content\/uploads\/2026\/03\/blogjornada-36x36.webp",36,36,true],"square":["https:\/\/www3.facturehoy.com\/wp-content\/uploads\/2026\/03\/blogjornada-180x180.webp",180,180,true],"featured":["https:\/\/www3.facturehoy.com\/wp-content\/uploads\/2026\/03\/blogjornada-1500x430.webp",1500,430,true],"featured_large":["https:\/\/www3.facturehoy.com\/wp-content\/uploads\/2026\/03\/blogjornada-1500x630.webp",1500,630,true],"extra_large":["https:\/\/www3.facturehoy.com\/wp-content\/uploads\/2026\/03\/blogjornada-1500x844.webp",1500,844,true],"portfolio":["https:\/\/www3.facturehoy.com\/wp-content\/uploads\/2026\/03\/blogjornada-495x400.webp",495,400,true],"portfolio_small":["https:\/\/www3.facturehoy.com\/wp-content\/uploads\/2026\/03\/blogjornada-260x185.webp",260,185,true],"gallery":["https:\/\/www3.facturehoy.com\/wp-content\/uploads\/2026\/03\/blogjornada-845x684.webp",845,684,true],"magazine":["https:\/\/www3.facturehoy.com\/wp-content\/uploads\/2026\/03\/blogjornada-710x375.webp",710,375,true],"masonry":["https:\/\/www3.facturehoy.com\/wp-content\/uploads\/2026\/03\/blogjornada-705x397.webp",705,397,true],"entry_with_sidebar":["https:\/\/www3.facturehoy.com\/wp-content\/uploads\/2026\/03\/blogjornada-845x321.webp",845,321,true],"entry_without_sidebar":["https:\/\/www3.facturehoy.com\/wp-content\/uploads\/2026\/03\/blogjornada-1210x423.webp",1210,423,true]},"rttpg_author":{"display_name":"Viridiana Parra Trejo","author_link":"https:\/\/www3.facturehoy.com\/home\/author\/v-parra\/"},"rttpg_comment":0,"rttpg_category":"<a href=\"https:\/\/www3.facturehoy.com\/home\/category\/noticias\/\" rel=\"category tag\">Noticias<\/a>","rttpg_excerpt":"\u00a1LA JORNADA LABORAL DE 40 HORAS YA ES UNA REALIDAD! El pasado 3 de marzo del 2026, se public\u00f3 en el Diario Oficial de la Federaci\u00f3n la reforma laboral que reduce la jornada laboral de 48 horas a 40 horas semanales, implementando 2 d\u00edas de descanso a la semana, sin afectar el salario y las&hellip;","_links":{"self":[{"href":"https:\/\/www3.facturehoy.com\/home\/wp-json\/wp\/v2\/posts\/47974","targetHints":{"allow":["GET"]}}],"collection":[{"href":"https:\/\/www3.facturehoy.com\/home\/wp-json\/wp\/v2\/posts"}],"about":[{"href":"https:\/\/www3.facturehoy.com\/home\/wp-json\/wp\/v2\/types\/post"}],"author":[{"embeddable":true,"href":"https:\/\/www3.facturehoy.com\/home\/wp-json\/wp\/v2\/users\/888"}],"replies":[{"embeddable":true,"href":"https:\/\/www3.facturehoy.com\/home\/wp-json\/wp\/v2\/comments?post=47974"}],"version-history":[{"count":1,"href":"https:\/\/www3.facturehoy.com\/home\/wp-json\/wp\/v2\/posts\/47974\/revisions"}],"predecessor-version":[{"id":47979,"href":"https:\/\/www3.facturehoy.com\/home\/wp-json\/wp\/v2\/posts\/47974\/revisions\/47979"}],"wp:featuredmedia":[{"embeddable":true,"href":"https:\/\/www3.facturehoy.com\/home\/wp-json\/wp\/v2\/media\/47975"}],"wp:attachment":[{"href":"https:\/\/www3.facturehoy.com\/home\/wp-json\/wp\/v2\/media?parent=47974"}],"wp:term":[{"taxonomy":"category","embeddable":true,"href":"https:\/\/www3.facturehoy.com\/home\/wp-json\/wp\/v2\/categories?post=47974"},{"taxonomy":"post_tag","embeddable":true,"href":"https:\/\/www3.facturehoy.com\/home\/wp-json\/wp\/v2\/tags?post=47974"}],"curies":[{"name":"wp","href":"https:\/\/api.w.org\/{rel}","templated":true}]}}