{"id":48406,"date":"2026-09-01T18:24:47","date_gmt":"2026-09-01T23:24:47","guid":{"rendered":"https:\/\/www3.facturehoy.com\/home\/?p=48406"},"modified":"2026-09-01T18:30:40","modified_gmt":"2026-09-01T23:30:40","slug":"colegiaturas-deducibles-sat","status":"publish","type":"post","link":"https:\/\/www3.facturehoy.com\/home\/colegiaturas-deducibles-sat\/","title":{"rendered":"Colegiaturas deducibles ante SAT"},"content":{"rendered":"\t\t<div data-elementor-type=\"wp-post\" data-elementor-id=\"48406\" class=\"elementor elementor-48406\" data-elementor-post-type=\"post\">\n\t\t\t\t\t\t<section class=\"elementor-section elementor-top-section elementor-element elementor-element-b6e90c3 elementor-section-boxed elementor-section-height-default elementor-section-height-default\" data-id=\"b6e90c3\" data-element_type=\"section\" data-e-type=\"section\">\n\t\t\t\t\t\t<div class=\"elementor-container elementor-column-gap-default\">\n\t\t\t\t\t<div class=\"elementor-column elementor-col-100 elementor-top-column elementor-element elementor-element-bb0db3c\" data-id=\"bb0db3c\" data-element_type=\"column\" data-e-type=\"column\">\n\t\t\t<div class=\"elementor-widget-wrap elementor-element-populated\">\n\t\t\t\t\t\t<div class=\"elementor-element elementor-element-41316cf elementor-widget elementor-widget-text-editor\" data-id=\"41316cf\" data-element_type=\"widget\" data-e-type=\"widget\" data-widget_type=\"text-editor.default\">\n\t\t\t\t<div class=\"elementor-widget-container\">\n\t\t\t\t\t\t\t\t\t<h3><strong>\u00bfQu\u00e9 colegiaturas son deducibles?<\/strong><\/h3><p><span style=\"color: #000000;\">El est\u00edmulo fiscal aplica para pagos de servicios de ense\u00f1anza en instituciones privadas con validez oficial de estudios (RVOE), desde <strong>preescolar hasta bachillerato o equivalente<\/strong>. La universidad, posgrados, cursos extracurriculares, inscripciones y materiales <strong>no<\/strong> entran en el est\u00edmulo.<\/span><\/p><p><span style=\"color: #000000;\">Puedes deducir las colegiaturas de:<\/span><\/p><ul><li style=\"list-style-type: none;\"><ul><li><span style=\"color: #000000;\">Tus hijos o descendientes en l\u00ednea recta<\/span><\/li><li><span style=\"color: #000000;\">Tu c\u00f3nyuge o concubino(a)<\/span><\/li><li><span style=\"color: #000000;\">Tus padres (ascendientes en l\u00ednea recta)<\/span><\/li><li><span style=\"color: #000000;\">T\u00fa mismo<\/span><\/li><\/ul><\/li><\/ul><p><span style=\"color: #000000;\">Siempre que la persona no perciba ingresos anuales superiores a una UMA anualizada.<\/span><\/p><h3><span style=\"color: #3366ff;\"><strong>Montos m\u00e1ximos anuales por alumno<\/strong><\/span><\/h3><p><span style=\"color: #000000;\">El est\u00edmulo tiene topes anuales por nivel educativo (montos de referencia):<\/span><\/p><ul><li style=\"list-style-type: none;\"><ul><li><span style=\"color: #000000;\"><strong>Preescolar:<\/strong> $14,200<\/span><\/li><li><span style=\"color: #000000;\"><strong>Primaria:<\/strong> $12,900<\/span><\/li><li><span style=\"color: #000000;\"><strong>Secundaria:<\/strong> $19,900<\/span><\/li><li><span style=\"color: #000000;\"><strong>Profesional t\u00e9cnico:<\/strong> $17,100<\/span><\/li><li><span style=\"color: #000000;\"><strong>Bachillerato o equivalente:<\/strong> $24,500<\/span><\/li><\/ul><\/li><\/ul><p><span style=\"color: #000000;\">Si pagas m\u00e1s que el tope, solo deduces hasta el tope. Si un alumno cursa dos niveles en el a\u00f1o (por ejemplo, pasa de primaria a secundaria), puedes aplicar el l\u00edmite mayor.<\/span><\/p><h3><span style=\"color: #3366ff;\"><strong>Los requisitos de la factura (aqu\u00ed se pierde la deducci\u00f3n)<\/strong><\/span><\/h3><p><span style=\"color: #000000;\">Para que el SAT acepte la deducci\u00f3n, el CFDI que emite la escuela debe incluir el <strong>Complemento de Instituciones Educativas Privadas<\/strong>, con:<\/span><\/p><ul><li style=\"list-style-type: none;\"><ul><li><span style=\"color: #000000;\">Nombre y CURP del alumno<\/span><\/li><li><span style=\"color: #000000;\">Nivel educativo<\/span><\/li><li><span style=\"color: #000000;\">Clave del RVOE de la instituci\u00f3n<\/span><\/li><li><span style=\"color: #000000;\">RFC del contribuyente que paga (t\u00fa, no el RFC gen\u00e9rico)<\/span><\/li><li><span style=\"color: #000000;\">El campo \u00abUso de CFDI\u00bb contenga la clave D10 Pagos por servicios educativos.<\/span><\/li><\/ul><\/li><\/ul><p><span style=\"color: #000000;\">Adem\u00e1s, el concepto debe corresponder \u00fanicamente a colegiatura. Si la escuela factura \u00abpaquete escolar\u00bb mezclando inscripci\u00f3n y materiales, la deducci\u00f3n se complica: pide que la colegiatura vaya desglosada.<\/span><\/p><h3><span style=\"color: #3366ff;\"><strong>La forma de pago importa (mucho)<\/strong><\/span><\/h3><p><span style=\"color: #000000;\">El pago debe realizarse con <strong>cheque nominativo, transferencia electr\u00f3nica o tarjeta de cr\u00e9dito o d\u00e9bito<\/strong> desde una cuenta del contribuyente que deducir\u00e1 el gasto. Pagos en efectivo = deducci\u00f3n perdida, sin excepciones.<\/span><\/p><p><span style=\"color: #000000;\">Detalle importante: si la factura sale a nombre de mam\u00e1, pero paga la tarjeta de pap\u00e1, la deducci\u00f3n se cae. El pagador y el receptor de la factura deben coincidir.<\/span><\/p><h3><span style=\"color: #3366ff;\"><strong>C\u00f3mo pedirle la factura a la escuela (checklist)<\/strong><\/span><\/h3><ol><li style=\"list-style-type: none;\"><ol><li><span style=\"color: #000000;\">Entrega a la administraci\u00f3n tu constancia de situaci\u00f3n fiscal actualizada.<\/span><\/li><li><span style=\"color: #000000;\">Indica el nombre y CURP del alumno y el nivel educativo.<\/span><\/li><li><span style=\"color: #000000;\">Solicita que TODAS las colegiaturas del ciclo se facturen con tus datos (basta pedirlo una vez).<\/span><\/li><li><span style=\"color: #000000;\">Verifica el primer CFDI recibido: que traiga el complemento educativo y tus datos correctos.<\/span><\/li><li><span style=\"color: #000000;\">Guarda XML y PDF de cada mes (no solo el PDF).<\/span><\/li><\/ol><\/li><\/ol><h3><span style=\"color: #3366ff;\"><strong>Bonus: esto tampoco es deducible (para que no te sorprendas)<\/strong><\/span><\/h3><p><span style=\"color: #000000;\">Inscripciones y reinscripciones, \u00fatiles, uniformes, cuotas de padres de familia, clases extracurriculares.<\/span><\/p><p><span style=\"color: #000000;\">Cada factura bien pedida en septiembre es dinero que regresa en tu anual del pr\u00f3ximo a\u00f1o. Y si eres la escuela: emitir estos CFDI con complemento educativo es tu obligaci\u00f3n \u2014 en <strong>FactureHoy<\/strong> el complemento est\u00e1 integrado y el proceso toma minutos.<\/span><\/p><p><span style=\"color: #000000;\">\u00bfFacturas colegiaturas o necesitas ordenar tus CFDI?<\/span><\/p><p><span style=\"color: #000000;\"> Escr\u00edbenos a ventas@facturehoy.com o ll\u00e1manos al 81-5350-0660.<\/span><\/p>\t\t\t\t\t\t\t\t<\/div>\n\t\t\t\t<\/div>\n\t\t\t\t\t<\/div>\n\t\t<\/div>\n\t\t\t\t\t<\/div>\n\t\t<\/section>\n\t\t\t\t<\/div>\n\t\t","protected":false},"excerpt":{"rendered":"<p>\u00bfQu\u00e9 colegiaturas son deducibles? El est\u00edmulo fiscal aplica para pagos de servicios de ense\u00f1anza en instituciones privadas con validez oficial de estudios (RVOE), desde preescolar hasta bachillerato o equivalente. La universidad, posgrados, cursos extracurriculares, inscripciones y materiales no entran en el est\u00edmulo. Puedes deducir las colegiaturas de: Tus hijos o descendientes en l\u00ednea recta Tu [&hellip;]<\/p>\n","protected":false},"author":888,"featured_media":48407,"comment_status":"closed","ping_status":"closed","sticky":false,"template":"","format":"standard","meta":{"content-type":"","om_disable_all_campaigns":false,"_uf_show_specific_survey":0,"_uf_disable_surveys":false,"_joinchat":[],"footnotes":""},"categories":[3],"tags":[26,6780,6592,50,55],"class_list":["post-48406","post","type-post","status-publish","format-standard","has-post-thumbnail","hentry","category-noticias","tag-cfdi","tag-colegiaturas-deducibles","tag-deducciones-personales","tag-facturacion-electronica","tag-sat"],"yoast_head":"<!-- This site is optimized with the Yoast SEO plugin v28.4 - https:\/\/yoast.com\/product\/yoast-seo-wordpress\/ -->\n<title>Colegiaturas deducibles ante SAT - FactureHoy<\/title>\n<meta name=\"description\" content=\"Conoce c\u00f3mo facturar colegiaturas deducibles ante el SAT: requisitos, topes y pagos correctos para aprovechar tu declaraci\u00f3n anual.\" \/>\n<meta name=\"robots\" content=\"index, follow, max-snippet:-1, max-image-preview:large, max-video-preview:-1\" \/>\n<link rel=\"canonical\" href=\"https:\/\/www3.facturehoy.com\/home\/colegiaturas-deducibles-sat\/\" \/>\n<meta property=\"og:locale\" content=\"es_ES\" \/>\n<meta property=\"og:type\" content=\"article\" \/>\n<meta property=\"og:title\" content=\"Colegiaturas deducibles ante SAT - FactureHoy\" \/>\n<meta property=\"og:description\" content=\"Conoce c\u00f3mo facturar colegiaturas deducibles ante el SAT: requisitos, topes y pagos correctos para aprovechar tu declaraci\u00f3n anual.\" \/>\n<meta property=\"og:url\" content=\"https:\/\/www3.facturehoy.com\/home\/colegiaturas-deducibles-sat\/\" \/>\n<meta property=\"og:site_name\" content=\"FactureHoy\" \/>\n<meta property=\"article:publisher\" content=\"https:\/\/www.facebook.com\/facturehoy\" \/>\n<meta property=\"article:published_time\" content=\"2026-09-01T23:24:47+00:00\" \/>\n<meta property=\"article:modified_time\" content=\"2026-09-01T23:30:40+00:00\" \/>\n<meta property=\"og:image\" content=\"https:\/\/www3.facturehoy.com\/wp-content\/uploads\/2026\/09\/blog0109.png\" \/>\n\t<meta property=\"og:image:width\" content=\"1920\" \/>\n\t<meta property=\"og:image:height\" content=\"1080\" \/>\n\t<meta property=\"og:image:type\" content=\"image\/png\" \/>\n<meta name=\"author\" content=\"Viridiana Parra Trejo\" \/>\n<meta name=\"twitter:card\" content=\"summary_large_image\" \/>\n<meta name=\"twitter:creator\" content=\"@FactureHoy\" \/>\n<meta name=\"twitter:site\" content=\"@FactureHoy\" \/>\n<meta name=\"twitter:label1\" content=\"Escrito por\" \/>\n\t<meta name=\"twitter:data1\" content=\"Viridiana Parra Trejo\" \/>\n\t<meta name=\"twitter:label2\" content=\"Tiempo de lectura\" \/>\n\t<meta name=\"twitter:data2\" content=\"3 minutos\" \/>\n<script type=\"application\/ld+json\" class=\"yoast-schema-graph\">{\"@context\":\"https:\\\/\\\/schema.org\",\"@graph\":[{\"@type\":\"Article\",\"@id\":\"https:\\\/\\\/www3.facturehoy.com\\\/home\\\/colegiaturas-deducibles-sat\\\/#article\",\"isPartOf\":{\"@id\":\"https:\\\/\\\/www3.facturehoy.com\\\/home\\\/colegiaturas-deducibles-sat\\\/\"},\"author\":{\"name\":\"Viridiana Parra Trejo\",\"@id\":\"https:\\\/\\\/www3.facturehoy.com\\\/home\\\/#\\\/schema\\\/person\\\/59ab2d93910fb99bf28462ebea3c325d\"},\"headline\":\"Colegiaturas deducibles ante SAT\",\"datePublished\":\"2026-09-01T23:24:47+00:00\",\"dateModified\":\"2026-09-01T23:30:40+00:00\",\"mainEntityOfPage\":{\"@id\":\"https:\\\/\\\/www3.facturehoy.com\\\/home\\\/colegiaturas-deducibles-sat\\\/\"},\"wordCount\":485,\"publisher\":{\"@id\":\"https:\\\/\\\/www3.facturehoy.com\\\/home\\\/#organization\"},\"image\":{\"@id\":\"https:\\\/\\\/www3.facturehoy.com\\\/home\\\/colegiaturas-deducibles-sat\\\/#primaryimage\"},\"thumbnailUrl\":\"https:\\\/\\\/www3.facturehoy.com\\\/wp-content\\\/uploads\\\/2026\\\/09\\\/blog0109.png\",\"keywords\":[\"CFDI\",\"colegiaturas deducibles\",\"deducciones personales\",\"Facturaci\u00f3n electr\u00f3nica\",\"SAT\"],\"articleSection\":[\"Noticias\"],\"inLanguage\":\"es\"},{\"@type\":\"WebPage\",\"@id\":\"https:\\\/\\\/www3.facturehoy.com\\\/home\\\/colegiaturas-deducibles-sat\\\/\",\"url\":\"https:\\\/\\\/www3.facturehoy.com\\\/home\\\/colegiaturas-deducibles-sat\\\/\",\"name\":\"Colegiaturas deducibles ante SAT - FactureHoy\",\"isPartOf\":{\"@id\":\"https:\\\/\\\/www3.facturehoy.com\\\/home\\\/#website\"},\"primaryImageOfPage\":{\"@id\":\"https:\\\/\\\/www3.facturehoy.com\\\/home\\\/colegiaturas-deducibles-sat\\\/#primaryimage\"},\"image\":{\"@id\":\"https:\\\/\\\/www3.facturehoy.com\\\/home\\\/colegiaturas-deducibles-sat\\\/#primaryimage\"},\"thumbnailUrl\":\"https:\\\/\\\/www3.facturehoy.com\\\/wp-content\\\/uploads\\\/2026\\\/09\\\/blog0109.png\",\"datePublished\":\"2026-09-01T23:24:47+00:00\",\"dateModified\":\"2026-09-01T23:30:40+00:00\",\"description\":\"Conoce c\u00f3mo facturar colegiaturas deducibles ante el SAT: requisitos, topes y pagos correctos para aprovechar tu declaraci\u00f3n anual.\",\"breadcrumb\":{\"@id\":\"https:\\\/\\\/www3.facturehoy.com\\\/home\\\/colegiaturas-deducibles-sat\\\/#breadcrumb\"},\"inLanguage\":\"es\",\"potentialAction\":[{\"@type\":\"ReadAction\",\"target\":[\"https:\\\/\\\/www3.facturehoy.com\\\/home\\\/colegiaturas-deducibles-sat\\\/\"]}]},{\"@type\":\"ImageObject\",\"inLanguage\":\"es\",\"@id\":\"https:\\\/\\\/www3.facturehoy.com\\\/home\\\/colegiaturas-deducibles-sat\\\/#primaryimage\",\"url\":\"https:\\\/\\\/www3.facturehoy.com\\\/wp-content\\\/uploads\\\/2026\\\/09\\\/blog0109.png\",\"contentUrl\":\"https:\\\/\\\/www3.facturehoy.com\\\/wp-content\\\/uploads\\\/2026\\\/09\\\/blog0109.png\",\"width\":1920,\"height\":1080},{\"@type\":\"BreadcrumbList\",\"@id\":\"https:\\\/\\\/www3.facturehoy.com\\\/home\\\/colegiaturas-deducibles-sat\\\/#breadcrumb\",\"itemListElement\":[{\"@type\":\"ListItem\",\"position\":1,\"name\":\"Portada\",\"item\":\"https:\\\/\\\/www3.facturehoy.com\\\/home\\\/home\\\/\"},{\"@type\":\"ListItem\",\"position\":2,\"name\":\"Colegiaturas deducibles ante SAT\"}]},{\"@type\":\"WebSite\",\"@id\":\"https:\\\/\\\/www3.facturehoy.com\\\/home\\\/#website\",\"url\":\"https:\\\/\\\/www3.facturehoy.com\\\/home\\\/\",\"name\":\"FactureHoy\",\"description\":\"Facturar en L\u00ednea\",\"publisher\":{\"@id\":\"https:\\\/\\\/www3.facturehoy.com\\\/home\\\/#organization\"},\"potentialAction\":[{\"@type\":\"SearchAction\",\"target\":{\"@type\":\"EntryPoint\",\"urlTemplate\":\"https:\\\/\\\/www3.facturehoy.com\\\/home\\\/?s={search_term_string}\"},\"query-input\":{\"@type\":\"PropertyValueSpecification\",\"valueRequired\":true,\"valueName\":\"search_term_string\"}}],\"inLanguage\":\"es\"},{\"@type\":\"Organization\",\"@id\":\"https:\\\/\\\/www3.facturehoy.com\\\/home\\\/#organization\",\"name\":\"FactureHoy\",\"url\":\"https:\\\/\\\/www3.facturehoy.com\\\/home\\\/\",\"logo\":{\"@type\":\"ImageObject\",\"inLanguage\":\"es\",\"@id\":\"https:\\\/\\\/www3.facturehoy.com\\\/home\\\/#\\\/schema\\\/logo\\\/image\\\/\",\"url\":\"https:\\\/\\\/www3.facturehoy.com\\\/wp-content\\\/uploads\\\/2019\\\/06\\\/NUEVO-PAGINA-LOGO-Recuperado.png\",\"contentUrl\":\"https:\\\/\\\/www3.facturehoy.com\\\/wp-content\\\/uploads\\\/2019\\\/06\\\/NUEVO-PAGINA-LOGO-Recuperado.png\",\"width\":300,\"height\":250,\"caption\":\"FactureHoy\"},\"image\":{\"@id\":\"https:\\\/\\\/www3.facturehoy.com\\\/home\\\/#\\\/schema\\\/logo\\\/image\\\/\"},\"sameAs\":[\"https:\\\/\\\/www.facebook.com\\\/facturehoy\",\"https:\\\/\\\/x.com\\\/FactureHoy\",\"https:\\\/\\\/www.linkedin.com\\\/company\\\/certus-facturehoy\"]},{\"@type\":\"Person\",\"@id\":\"https:\\\/\\\/www3.facturehoy.com\\\/home\\\/#\\\/schema\\\/person\\\/59ab2d93910fb99bf28462ebea3c325d\",\"name\":\"Viridiana Parra Trejo\",\"image\":{\"@type\":\"ImageObject\",\"inLanguage\":\"es\",\"@id\":\"https:\\\/\\\/secure.gravatar.com\\\/avatar\\\/af1c46d464c1ab2bc43e77747d58357f8cb6efda1ee31fca143a855c3b59a12b?s=96&d=mm&r=g\",\"url\":\"https:\\\/\\\/secure.gravatar.com\\\/avatar\\\/af1c46d464c1ab2bc43e77747d58357f8cb6efda1ee31fca143a855c3b59a12b?s=96&d=mm&r=g\",\"contentUrl\":\"https:\\\/\\\/secure.gravatar.com\\\/avatar\\\/af1c46d464c1ab2bc43e77747d58357f8cb6efda1ee31fca143a855c3b59a12b?s=96&d=mm&r=g\",\"caption\":\"Viridiana Parra Trejo\"},\"url\":\"https:\\\/\\\/www3.facturehoy.com\\\/home\\\/author\\\/v-parra\\\/\"}]}<\/script>\n<!-- \/ Yoast SEO plugin. -->","yoast_head_json":{"title":"Colegiaturas deducibles ante SAT - FactureHoy","description":"Conoce c\u00f3mo facturar colegiaturas deducibles ante el SAT: requisitos, topes y pagos correctos para aprovechar tu declaraci\u00f3n anual.","robots":{"index":"index","follow":"follow","max-snippet":"max-snippet:-1","max-image-preview":"max-image-preview:large","max-video-preview":"max-video-preview:-1"},"canonical":"https:\/\/www3.facturehoy.com\/home\/colegiaturas-deducibles-sat\/","og_locale":"es_ES","og_type":"article","og_title":"Colegiaturas deducibles ante SAT - FactureHoy","og_description":"Conoce c\u00f3mo facturar colegiaturas deducibles ante el SAT: requisitos, topes y pagos correctos para aprovechar tu declaraci\u00f3n anual.","og_url":"https:\/\/www3.facturehoy.com\/home\/colegiaturas-deducibles-sat\/","og_site_name":"FactureHoy","article_publisher":"https:\/\/www.facebook.com\/facturehoy","article_published_time":"2026-09-01T23:24:47+00:00","article_modified_time":"2026-09-01T23:30:40+00:00","og_image":[{"width":1920,"height":1080,"url":"https:\/\/www3.facturehoy.com\/wp-content\/uploads\/2026\/09\/blog0109.png","type":"image\/png"}],"author":"Viridiana Parra Trejo","twitter_card":"summary_large_image","twitter_creator":"@FactureHoy","twitter_site":"@FactureHoy","twitter_misc":{"Escrito por":"Viridiana Parra Trejo","Tiempo de lectura":"3 minutos"},"schema":{"@context":"https:\/\/schema.org","@graph":[{"@type":"Article","@id":"https:\/\/www3.facturehoy.com\/home\/colegiaturas-deducibles-sat\/#article","isPartOf":{"@id":"https:\/\/www3.facturehoy.com\/home\/colegiaturas-deducibles-sat\/"},"author":{"name":"Viridiana Parra Trejo","@id":"https:\/\/www3.facturehoy.com\/home\/#\/schema\/person\/59ab2d93910fb99bf28462ebea3c325d"},"headline":"Colegiaturas deducibles ante SAT","datePublished":"2026-09-01T23:24:47+00:00","dateModified":"2026-09-01T23:30:40+00:00","mainEntityOfPage":{"@id":"https:\/\/www3.facturehoy.com\/home\/colegiaturas-deducibles-sat\/"},"wordCount":485,"publisher":{"@id":"https:\/\/www3.facturehoy.com\/home\/#organization"},"image":{"@id":"https:\/\/www3.facturehoy.com\/home\/colegiaturas-deducibles-sat\/#primaryimage"},"thumbnailUrl":"https:\/\/www3.facturehoy.com\/wp-content\/uploads\/2026\/09\/blog0109.png","keywords":["CFDI","colegiaturas deducibles","deducciones personales","Facturaci\u00f3n electr\u00f3nica","SAT"],"articleSection":["Noticias"],"inLanguage":"es"},{"@type":"WebPage","@id":"https:\/\/www3.facturehoy.com\/home\/colegiaturas-deducibles-sat\/","url":"https:\/\/www3.facturehoy.com\/home\/colegiaturas-deducibles-sat\/","name":"Colegiaturas deducibles ante SAT - FactureHoy","isPartOf":{"@id":"https:\/\/www3.facturehoy.com\/home\/#website"},"primaryImageOfPage":{"@id":"https:\/\/www3.facturehoy.com\/home\/colegiaturas-deducibles-sat\/#primaryimage"},"image":{"@id":"https:\/\/www3.facturehoy.com\/home\/colegiaturas-deducibles-sat\/#primaryimage"},"thumbnailUrl":"https:\/\/www3.facturehoy.com\/wp-content\/uploads\/2026\/09\/blog0109.png","datePublished":"2026-09-01T23:24:47+00:00","dateModified":"2026-09-01T23:30:40+00:00","description":"Conoce c\u00f3mo facturar colegiaturas deducibles ante el SAT: requisitos, topes y pagos correctos para aprovechar tu declaraci\u00f3n anual.","breadcrumb":{"@id":"https:\/\/www3.facturehoy.com\/home\/colegiaturas-deducibles-sat\/#breadcrumb"},"inLanguage":"es","potentialAction":[{"@type":"ReadAction","target":["https:\/\/www3.facturehoy.com\/home\/colegiaturas-deducibles-sat\/"]}]},{"@type":"ImageObject","inLanguage":"es","@id":"https:\/\/www3.facturehoy.com\/home\/colegiaturas-deducibles-sat\/#primaryimage","url":"https:\/\/www3.facturehoy.com\/wp-content\/uploads\/2026\/09\/blog0109.png","contentUrl":"https:\/\/www3.facturehoy.com\/wp-content\/uploads\/2026\/09\/blog0109.png","width":1920,"height":1080},{"@type":"BreadcrumbList","@id":"https:\/\/www3.facturehoy.com\/home\/colegiaturas-deducibles-sat\/#breadcrumb","itemListElement":[{"@type":"ListItem","position":1,"name":"Portada","item":"https:\/\/www3.facturehoy.com\/home\/home\/"},{"@type":"ListItem","position":2,"name":"Colegiaturas deducibles ante SAT"}]},{"@type":"WebSite","@id":"https:\/\/www3.facturehoy.com\/home\/#website","url":"https:\/\/www3.facturehoy.com\/home\/","name":"FactureHoy","description":"Facturar en L\u00ednea","publisher":{"@id":"https:\/\/www3.facturehoy.com\/home\/#organization"},"potentialAction":[{"@type":"SearchAction","target":{"@type":"EntryPoint","urlTemplate":"https:\/\/www3.facturehoy.com\/home\/?s={search_term_string}"},"query-input":{"@type":"PropertyValueSpecification","valueRequired":true,"valueName":"search_term_string"}}],"inLanguage":"es"},{"@type":"Organization","@id":"https:\/\/www3.facturehoy.com\/home\/#organization","name":"FactureHoy","url":"https:\/\/www3.facturehoy.com\/home\/","logo":{"@type":"ImageObject","inLanguage":"es","@id":"https:\/\/www3.facturehoy.com\/home\/#\/schema\/logo\/image\/","url":"https:\/\/www3.facturehoy.com\/wp-content\/uploads\/2019\/06\/NUEVO-PAGINA-LOGO-Recuperado.png","contentUrl":"https:\/\/www3.facturehoy.com\/wp-content\/uploads\/2019\/06\/NUEVO-PAGINA-LOGO-Recuperado.png","width":300,"height":250,"caption":"FactureHoy"},"image":{"@id":"https:\/\/www3.facturehoy.com\/home\/#\/schema\/logo\/image\/"},"sameAs":["https:\/\/www.facebook.com\/facturehoy","https:\/\/x.com\/FactureHoy","https:\/\/www.linkedin.com\/company\/certus-facturehoy"]},{"@type":"Person","@id":"https:\/\/www3.facturehoy.com\/home\/#\/schema\/person\/59ab2d93910fb99bf28462ebea3c325d","name":"Viridiana Parra Trejo","image":{"@type":"ImageObject","inLanguage":"es","@id":"https:\/\/secure.gravatar.com\/avatar\/af1c46d464c1ab2bc43e77747d58357f8cb6efda1ee31fca143a855c3b59a12b?s=96&d=mm&r=g","url":"https:\/\/secure.gravatar.com\/avatar\/af1c46d464c1ab2bc43e77747d58357f8cb6efda1ee31fca143a855c3b59a12b?s=96&d=mm&r=g","contentUrl":"https:\/\/secure.gravatar.com\/avatar\/af1c46d464c1ab2bc43e77747d58357f8cb6efda1ee31fca143a855c3b59a12b?s=96&d=mm&r=g","caption":"Viridiana Parra Trejo"},"url":"https:\/\/www3.facturehoy.com\/home\/author\/v-parra\/"}]}},"rttpg_featured_image_url":{"full":["https:\/\/www3.facturehoy.com\/wp-content\/uploads\/2026\/09\/blog0109.png",1920,1080,false],"landscape":["https:\/\/www3.facturehoy.com\/wp-content\/uploads\/2026\/09\/blog0109.png",1920,1080,false],"portraits":["https:\/\/www3.facturehoy.com\/wp-content\/uploads\/2026\/09\/blog0109.png",1920,1080,false],"thumbnail":["https:\/\/www3.facturehoy.com\/wp-content\/uploads\/2026\/09\/blog0109-80x80.png",80,80,true],"medium":["https:\/\/www3.facturehoy.com\/wp-content\/uploads\/2026\/09\/blog0109-300x169.png",300,169,true],"large":["https:\/\/www3.facturehoy.com\/wp-content\/uploads\/2026\/09\/blog0109-1030x579.png",1030,579,true],"1536x1536":["https:\/\/www3.facturehoy.com\/wp-content\/uploads\/2026\/09\/blog0109-1536x864.png",1536,864,true],"2048x2048":["https:\/\/www3.facturehoy.com\/wp-content\/uploads\/2026\/09\/blog0109.png",1920,1080,false],"widget":["https:\/\/www3.facturehoy.com\/wp-content\/uploads\/2026\/09\/blog0109-36x36.png",36,36,true],"square":["https:\/\/www3.facturehoy.com\/wp-content\/uploads\/2026\/09\/blog0109-180x180.png",180,180,true],"featured":["https:\/\/www3.facturehoy.com\/wp-content\/uploads\/2026\/09\/blog0109-1500x430.png",1500,430,true],"featured_large":["https:\/\/www3.facturehoy.com\/wp-content\/uploads\/2026\/09\/blog0109-1500x630.png",1500,630,true],"extra_large":["https:\/\/www3.facturehoy.com\/wp-content\/uploads\/2026\/09\/blog0109-1500x844.png",1500,844,true],"portfolio":["https:\/\/www3.facturehoy.com\/wp-content\/uploads\/2026\/09\/blog0109-495x400.png",495,400,true],"portfolio_small":["https:\/\/www3.facturehoy.com\/wp-content\/uploads\/2026\/09\/blog0109-260x185.png",260,185,true],"gallery":["https:\/\/www3.facturehoy.com\/wp-content\/uploads\/2026\/09\/blog0109-845x684.png",845,684,true],"magazine":["https:\/\/www3.facturehoy.com\/wp-content\/uploads\/2026\/09\/blog0109-710x375.png",710,375,true],"masonry":["https:\/\/www3.facturehoy.com\/wp-content\/uploads\/2026\/09\/blog0109-705x397.png",705,397,true],"entry_with_sidebar":["https:\/\/www3.facturehoy.com\/wp-content\/uploads\/2026\/09\/blog0109-845x321.png",845,321,true],"entry_without_sidebar":["https:\/\/www3.facturehoy.com\/wp-content\/uploads\/2026\/09\/blog0109-1210x423.png",1210,423,true]},"rttpg_author":{"display_name":"Viridiana Parra Trejo","author_link":"https:\/\/www3.facturehoy.com\/home\/author\/v-parra\/"},"rttpg_comment":0,"rttpg_category":"<a href=\"https:\/\/www3.facturehoy.com\/home\/category\/noticias\/\" rel=\"category tag\">Noticias<\/a>","rttpg_excerpt":"\u00bfQu\u00e9 colegiaturas son deducibles? El est\u00edmulo fiscal aplica para pagos de servicios de ense\u00f1anza en instituciones privadas con validez oficial de estudios (RVOE), desde preescolar hasta bachillerato o equivalente. La universidad, posgrados, cursos extracurriculares, inscripciones y materiales no entran en el est\u00edmulo. Puedes deducir las colegiaturas de: Tus hijos o descendientes en l\u00ednea recta Tu&hellip;","_links":{"self":[{"href":"https:\/\/www3.facturehoy.com\/home\/wp-json\/wp\/v2\/posts\/48406","targetHints":{"allow":["GET"]}}],"collection":[{"href":"https:\/\/www3.facturehoy.com\/home\/wp-json\/wp\/v2\/posts"}],"about":[{"href":"https:\/\/www3.facturehoy.com\/home\/wp-json\/wp\/v2\/types\/post"}],"author":[{"embeddable":true,"href":"https:\/\/www3.facturehoy.com\/home\/wp-json\/wp\/v2\/users\/888"}],"replies":[{"embeddable":true,"href":"https:\/\/www3.facturehoy.com\/home\/wp-json\/wp\/v2\/comments?post=48406"}],"version-history":[{"count":1,"href":"https:\/\/www3.facturehoy.com\/home\/wp-json\/wp\/v2\/posts\/48406\/revisions"}],"predecessor-version":[{"id":48411,"href":"https:\/\/www3.facturehoy.com\/home\/wp-json\/wp\/v2\/posts\/48406\/revisions\/48411"}],"wp:featuredmedia":[{"embeddable":true,"href":"https:\/\/www3.facturehoy.com\/home\/wp-json\/wp\/v2\/media\/48407"}],"wp:attachment":[{"href":"https:\/\/www3.facturehoy.com\/home\/wp-json\/wp\/v2\/media?parent=48406"}],"wp:term":[{"taxonomy":"category","embeddable":true,"href":"https:\/\/www3.facturehoy.com\/home\/wp-json\/wp\/v2\/categories?post=48406"},{"taxonomy":"post_tag","embeddable":true,"href":"https:\/\/www3.facturehoy.com\/home\/wp-json\/wp\/v2\/tags?post=48406"}],"curies":[{"name":"wp","href":"https:\/\/api.w.org\/{rel}","templated":true}]}}